{"id":5044,"date":"2017-04-24T22:42:11","date_gmt":"2017-04-24T20:42:11","guid":{"rendered":"http:\/\/www.benarabi.org\/?p=5044"},"modified":"2017-04-24T22:51:36","modified_gmt":"2017-04-24T20:51:36","slug":"el-ies-ben-arabi-comprometido-contra-el-bullying-2","status":"publish","type":"post","link":"https:\/\/www.benarabi.org\/?p=5044","title":{"rendered":"El IES. Ben Arab\u00ed, comprometido contra el bullying"},"content":{"rendered":"<p><a href=\"http:\/\/www.benarabi.org\/wp-content\/uploads\/2017\/04\/IMG_6234-1-e1493066945120.jpg\"><img loading=\"lazy\" decoding=\"async\" class=\"alignleft size-full wp-image-5051\" src=\"http:\/\/www.benarabi.org\/wp-content\/uploads\/2017\/04\/IMG_6234-1-e1493066945120.jpg\" alt=\"\" width=\"113\" height=\"150\"><\/a>Siguiendo con la campa\u00f1a iniciada por el IES Ben Arab\u00ed contra el acoso escolar destinada a alumnos de 1\u00ba y 2\u00ba ESO y con la intenci\u00f3n de reforzarla, se va a realizar una nueva actuaci\u00f3n consistente en colocar en las aulas y el resto de dependencias del centro <strong>carteles con esl\u00f3ganes<\/strong> referidos al acoso escolar cuyo fin es concienciar a toda la comunidad educativa sobre la necesidad de erradicar de las aulas este tipo de violencia.<\/p>\n<p>Estos esl\u00f3ganes insisten en los puntos b\u00e1sicos de esta campa\u00f1a: reforzar las relaciones entre los alumnos, fomentar la empat\u00eda entre ellos y destacar el importante papel que tienen los testigos a la hora de evitar situaciones de acoso. Muchos de estos esl\u00f3ganes van dirigidos a las personas que presencian estas pr\u00e1cticas, para que no miren hacia otro lado y planten cara o denuncien los casos que observen.<!--more--><\/p>\n<div id='gallery-1' class='gallery galleryid-5044 gallery-columns-3 gallery-size-thumbnail'><figure class='gallery-item'>\n\t\t\t<div class='gallery-icon portrait'>\n\t\t\t\t<a href='https:\/\/www.benarabi.org\/?attachment_id=5054'><img loading=\"lazy\" decoding=\"async\" width=\"141\" height=\"141\" src=\"https:\/\/www.benarabi.org\/wp-content\/uploads\/2017\/04\/IMG_6236-1-e1493066827208-150x150.jpg\" class=\"attachment-thumbnail size-thumbnail\" alt=\"\" \/><\/a>\n\t\t\t<\/div><\/figure><figure class='gallery-item'>\n\t\t\t<div class='gallery-icon portrait'>\n\t\t\t\t<a href='https:\/\/www.benarabi.org\/?attachment_id=5053'><img loading=\"lazy\" decoding=\"async\" width=\"141\" height=\"141\" src=\"https:\/\/www.benarabi.org\/wp-content\/uploads\/2017\/04\/IMG_6232-e1493066866973-150x150.jpg\" class=\"attachment-thumbnail size-thumbnail\" alt=\"\" \/><\/a>\n\t\t\t<\/div><\/figure><figure class='gallery-item'>\n\t\t\t<div class='gallery-icon portrait'>\n\t\t\t\t<a href='https:\/\/www.benarabi.org\/?attachment_id=5052'><img loading=\"lazy\" decoding=\"async\" width=\"141\" height=\"141\" src=\"https:\/\/www.benarabi.org\/wp-content\/uploads\/2017\/04\/IMG_6233-1-e1493066894714-150x150.jpg\" class=\"attachment-thumbnail size-thumbnail\" alt=\"\" \/><\/a>\n\t\t\t<\/div><\/figure><figure class='gallery-item'>\n\t\t\t<div class='gallery-icon portrait'>\n\t\t\t\t<a href='https:\/\/www.benarabi.org\/?attachment_id=5051'><img loading=\"lazy\" decoding=\"async\" width=\"106\" height=\"141\" src=\"https:\/\/www.benarabi.org\/wp-content\/uploads\/2017\/04\/IMG_6234-1-e1493066945120.jpg\" class=\"attachment-thumbnail size-thumbnail\" alt=\"\" \/><\/a>\n\t\t\t<\/div><\/figure><figure class='gallery-item'>\n\t\t\t<div class='gallery-icon portrait'>\n\t\t\t\t<a href='https:\/\/www.benarabi.org\/?attachment_id=5050'><img loading=\"lazy\" decoding=\"async\" width=\"141\" height=\"141\" src=\"https:\/\/www.benarabi.org\/wp-content\/uploads\/2017\/04\/IMG_6235-1-e1493066973440-150x150.jpg\" class=\"attachment-thumbnail size-thumbnail\" alt=\"\" \/><\/a>\n\t\t\t<\/div><\/figure>\n\t\t<\/div>\n\n<p>&nbsp;<\/p>\n","protected":false},"excerpt":{"rendered":"<p>Siguiendo con la campa\u00f1a iniciada por el IES Ben Arab\u00ed contra el acoso escolar destinada a alumnos de 1\u00ba y 2\u00ba ESO y con la intenci\u00f3n de reforzarla, se va a realizar una nueva actuaci\u00f3n consistente en colocar en las aulas y el resto de dependencias del centro carteles con esl\u00f3ganes referidos al acoso escolar [&hellip;]<\/p>\n","protected":false},"author":1,"featured_media":0,"comment_status":"closed","ping_status":"open","sticky":false,"template":"","format":"standard","meta":{"footnotes":""},"categories":[1],"tags":[],"class_list":["post-5044","post","type-post","status-publish","format-standard","hentry","category-sin-categoria"],"_links":{"self":[{"href":"https:\/\/www.benarabi.org\/index.php?rest_route=\/wp\/v2\/posts\/5044","targetHints":{"allow":["GET"]}}],"collection":[{"href":"https:\/\/www.benarabi.org\/index.php?rest_route=\/wp\/v2\/posts"}],"about":[{"href":"https:\/\/www.benarabi.org\/index.php?rest_route=\/wp\/v2\/types\/post"}],"author":[{"embeddable":true,"href":"https:\/\/www.benarabi.org\/index.php?rest_route=\/wp\/v2\/users\/1"}],"replies":[{"embeddable":true,"href":"https:\/\/www.benarabi.org\/index.php?rest_route=%2Fwp%2Fv2%2Fcomments&post=5044"}],"version-history":[{"count":5,"href":"https:\/\/www.benarabi.org\/index.php?rest_route=\/wp\/v2\/posts\/5044\/revisions"}],"predecessor-version":[{"id":5057,"href":"https:\/\/www.benarabi.org\/index.php?rest_route=\/wp\/v2\/posts\/5044\/revisions\/5057"}],"wp:attachment":[{"href":"https:\/\/www.benarabi.org\/index.php?rest_route=%2Fwp%2Fv2%2Fmedia&parent=5044"}],"wp:term":[{"taxonomy":"category","embeddable":true,"href":"https:\/\/www.benarabi.org\/index.php?rest_route=%2Fwp%2Fv2%2Fcategories&post=5044"},{"taxonomy":"post_tag","embeddable":true,"href":"https:\/\/www.benarabi.org\/index.php?rest_route=%2Fwp%2Fv2%2Ftags&post=5044"}],"curies":[{"name":"wp","href":"https:\/\/api.w.org\/{rel}","templated":true}]}}