{"id":5061,"date":"2017-04-26T11:09:35","date_gmt":"2017-04-26T09:09:35","guid":{"rendered":"http:\/\/www.benarabi.org\/?p=5061"},"modified":"2017-05-09T11:08:09","modified_gmt":"2017-05-09T09:08:09","slug":"evaluacion-de-diagnostico-para-el-curso-escolar-2016-17","status":"publish","type":"post","link":"https:\/\/www.benarabi.org\/?p=5061","title":{"rendered":"Evaluaci\u00f3n de Diagn\u00f3stico para el curso escolar 2016-17"},"content":{"rendered":"<p><a href=\"http:\/\/www.benarabi.org\/wp-content\/uploads\/2017\/04\/1evadiag.jpg\"><img loading=\"lazy\" decoding=\"async\" class=\"alignleft wp-image-5062 size-full\" src=\"http:\/\/www.benarabi.org\/wp-content\/uploads\/2017\/04\/1evadiag-e1493197637216.jpg\" alt=\"\" width=\"150\" height=\"172\"><\/a>La&nbsp;<strong>Evaluaci\u00f3n de Diagn\u00f3stico<\/strong>&nbsp;para el curso escolar 2016-2017 que realizar\u00e1 el alumnado de 2\u00ba ESO tendr\u00e1 lugar el <strong>lunes 8 de mayo de 2017<\/strong>. Ser\u00e1 evaluada la competencia matem\u00e1tica.<\/p>\n<p>El Servicio de Evaluaci\u00f3n y Calidad Educativa ha publicado en el portal educativo Educarm (www.educarm.es) el marco te\u00f3rico de la competencia a evaluar que ha servido de referencia para la elaboraci\u00f3n de la prueba, as\u00ed como los horarios e instrucciones de aplicaci\u00f3n, los materiales de apoyo para la difusi\u00f3n y cuanta informaci\u00f3n se considere necesaria para el normal desarrollo de la aplicaci\u00f3n de las pruebas de la evaluaci\u00f3n de diagn\u00f3stico del curso 2016-2017.<\/p>\n<p>Si quieres ver el folleto informativo para las familias, <a href=\"http:\/\/www.benarabi.org\/wp-content\/uploads\/2017\/04\/Folletofamilias2ESO_1.pdf\">pincha aqu\u00ed<\/a>.<\/p>\n<p>Si quieres ver el marco te\u00f3rico de la Eval.Diagn\u00f3stico de la Competencia matem\u00e1tica, <a href=\"http:\/\/www.benarabi.org\/wp-content\/uploads\/2017\/04\/5-EDR2ESOMARCOTERICOMATEMTICA2016-2017Rv03-1.pdf\">pincha aqu\u00ed<\/a>.<\/p>\n","protected":false},"excerpt":{"rendered":"<p>La&nbsp;Evaluaci\u00f3n de Diagn\u00f3stico&nbsp;para el curso escolar 2016-2017 que realizar\u00e1 el alumnado de 2\u00ba ESO tendr\u00e1 lugar el lunes 8 de mayo de 2017. Ser\u00e1 evaluada la competencia matem\u00e1tica. El Servicio de Evaluaci\u00f3n y Calidad Educativa ha publicado en el portal educativo Educarm (www.educarm.es) el marco te\u00f3rico de la competencia a evaluar que ha servido de [&hellip;]<\/p>\n","protected":false},"author":1,"featured_media":0,"comment_status":"closed","ping_status":"open","sticky":false,"template":"","format":"standard","meta":{"footnotes":""},"categories":[1],"tags":[],"class_list":["post-5061","post","type-post","status-publish","format-standard","hentry","category-sin-categoria"],"_links":{"self":[{"href":"https:\/\/www.benarabi.org\/index.php?rest_route=\/wp\/v2\/posts\/5061","targetHints":{"allow":["GET"]}}],"collection":[{"href":"https:\/\/www.benarabi.org\/index.php?rest_route=\/wp\/v2\/posts"}],"about":[{"href":"https:\/\/www.benarabi.org\/index.php?rest_route=\/wp\/v2\/types\/post"}],"author":[{"embeddable":true,"href":"https:\/\/www.benarabi.org\/index.php?rest_route=\/wp\/v2\/users\/1"}],"replies":[{"embeddable":true,"href":"https:\/\/www.benarabi.org\/index.php?rest_route=%2Fwp%2Fv2%2Fcomments&post=5061"}],"version-history":[{"count":2,"href":"https:\/\/www.benarabi.org\/index.php?rest_route=\/wp\/v2\/posts\/5061\/revisions"}],"predecessor-version":[{"id":5067,"href":"https:\/\/www.benarabi.org\/index.php?rest_route=\/wp\/v2\/posts\/5061\/revisions\/5067"}],"wp:attachment":[{"href":"https:\/\/www.benarabi.org\/index.php?rest_route=%2Fwp%2Fv2%2Fmedia&parent=5061"}],"wp:term":[{"taxonomy":"category","embeddable":true,"href":"https:\/\/www.benarabi.org\/index.php?rest_route=%2Fwp%2Fv2%2Fcategories&post=5061"},{"taxonomy":"post_tag","embeddable":true,"href":"https:\/\/www.benarabi.org\/index.php?rest_route=%2Fwp%2Fv2%2Ftags&post=5061"}],"curies":[{"name":"wp","href":"https:\/\/api.w.org\/{rel}","templated":true}]}}