{"id":5068,"date":"2017-04-27T09:57:59","date_gmt":"2017-04-27T07:57:59","guid":{"rendered":"http:\/\/www.benarabi.org\/?p=5068"},"modified":"2017-04-27T13:21:53","modified_gmt":"2017-04-27T11:21:53","slug":"vi-semana-de-la-musica-y-la-danza","status":"publish","type":"post","link":"https:\/\/www.benarabi.org\/?p=5068","title":{"rendered":"VI Semana de la M\u00fasica y la Danza"},"content":{"rendered":"<p><img loading=\"lazy\" decoding=\"async\" class=\"alignleft\" src=\"http:\/\/www.benarabi.org\/wp-content\/uploads\/2017\/04\/cartel-vi-semana-musica-danza_ultimo-e1493279846232.png\" alt=\"\" width=\"150\" height=\"206\">Comienza la tradicional&nbsp;<strong>Semana de la M\u00fasica y la Danza del IES Ben Arab\u00ed&nbsp;<\/strong>que en esta, su sexta edici\u00f3n, contar\u00e1 con 5 d\u00edas de actuaciones musicales de baile, canto e instrumentaci\u00f3n a cargo de alumnos del todos los niveles del centro. Lunes 24, martes 25, mi\u00e9rcoles 26 y viernes 28 de 9:50 a 10:15, y en el escenario del Hall, m\u00fasicos, bailarines y cantantes dar\u00e1n luz y entretenimiento a todo el p\u00fablico de nuestra Comunidad Educativa que quiera asistir. El jueves 27, el grupo&nbsp;<strong>UMTP Drums<\/strong>&nbsp;de m\u00fasica de c\u00e1mara y percusi\u00f3n Dirigido por D. Sergio Romero Egea, ofrecer\u00e1 un concierto de 12 a 14 horas en el auditorio del Conservatorio Profesional de M\u00fasica dirigido s\u00f3lo a grupos de alumnos seleccionados.<\/p>\n<p>\u00a1Que comience el espect\u00e1culo!<\/p>\n<p>Para m\u00e1s informaci\u00f3n sobre horario y actuaciones, puedes ver el <a href=\"http:\/\/www.benarabi.org\/wp-content\/uploads\/2017\/04\/diptico_vI-SEMANA-DE-LA-M\u00daSICA-Y-LA-DANZA.INFO-PUBLICAR.pdf\">d\u00edptico<\/a>.<\/p>\n<p>Si quieres ver el cartel, <a href=\"http:\/\/www.benarabi.org\/wp-content\/uploads\/2017\/04\/cartel-vi-semana-musica-danza_ultimo-e1493279846232.png\">pincha aqu\u00ed<\/a>.<\/p>\n","protected":false},"excerpt":{"rendered":"<p>Comienza la tradicional&nbsp;Semana de la M\u00fasica y la Danza del IES Ben Arab\u00ed&nbsp;que en esta, su sexta edici\u00f3n, contar\u00e1 con 5 d\u00edas de actuaciones musicales de baile, canto e instrumentaci\u00f3n a cargo de alumnos del todos los niveles del centro. Lunes 24, martes 25, mi\u00e9rcoles 26 y viernes 28 de 9:50 a 10:15, y en [&hellip;]<\/p>\n","protected":false},"author":1,"featured_media":0,"comment_status":"closed","ping_status":"open","sticky":false,"template":"","format":"standard","meta":{"footnotes":""},"categories":[1],"tags":[],"class_list":["post-5068","post","type-post","status-publish","format-standard","hentry","category-sin-categoria"],"_links":{"self":[{"href":"https:\/\/www.benarabi.org\/index.php?rest_route=\/wp\/v2\/posts\/5068","targetHints":{"allow":["GET"]}}],"collection":[{"href":"https:\/\/www.benarabi.org\/index.php?rest_route=\/wp\/v2\/posts"}],"about":[{"href":"https:\/\/www.benarabi.org\/index.php?rest_route=\/wp\/v2\/types\/post"}],"author":[{"embeddable":true,"href":"https:\/\/www.benarabi.org\/index.php?rest_route=\/wp\/v2\/users\/1"}],"replies":[{"embeddable":true,"href":"https:\/\/www.benarabi.org\/index.php?rest_route=%2Fwp%2Fv2%2Fcomments&post=5068"}],"version-history":[{"count":4,"href":"https:\/\/www.benarabi.org\/index.php?rest_route=\/wp\/v2\/posts\/5068\/revisions"}],"predecessor-version":[{"id":5073,"href":"https:\/\/www.benarabi.org\/index.php?rest_route=\/wp\/v2\/posts\/5068\/revisions\/5073"}],"wp:attachment":[{"href":"https:\/\/www.benarabi.org\/index.php?rest_route=%2Fwp%2Fv2%2Fmedia&parent=5068"}],"wp:term":[{"taxonomy":"category","embeddable":true,"href":"https:\/\/www.benarabi.org\/index.php?rest_route=%2Fwp%2Fv2%2Fcategories&post=5068"},{"taxonomy":"post_tag","embeddable":true,"href":"https:\/\/www.benarabi.org\/index.php?rest_route=%2Fwp%2Fv2%2Ftags&post=5068"}],"curies":[{"name":"wp","href":"https:\/\/api.w.org\/{rel}","templated":true}]}}