{"id":5096,"date":"2017-05-11T10:58:54","date_gmt":"2017-05-11T08:58:54","guid":{"rendered":"http:\/\/www.benarabi.org\/?p=5096"},"modified":"2017-05-11T10:59:37","modified_gmt":"2017-05-11T08:59:37","slug":"buzon-help-contra-el-acoso-escolar","status":"publish","type":"post","link":"https:\/\/www.benarabi.org\/?p=5096","title":{"rendered":"\u201cBuz\u00f3n HELP\u201d, contra el acoso escolar"},"content":{"rendered":"<p><a href=\"http:\/\/www.benarabi.org\/wp-content\/uploads\/2017\/05\/buzon-HELP.jpg\"><img loading=\"lazy\" decoding=\"async\" class=\"alignleft size-thumbnail wp-image-5097\" src=\"http:\/\/www.benarabi.org\/wp-content\/uploads\/2017\/05\/buzon-HELP-150x150.jpg\" alt=\"\" width=\"150\" height=\"150\"><\/a>La Consejer\u00eda de Educaci\u00f3n y Universidades ha puesto en marcha una serie de medidas y actuaciones concretas con el objetivo de conseguir un buen clima educativo en los centros de la Regi\u00f3n, enmarcadas dentro del Plan Regional para la Mejora de la Convivencia Escolar.<\/p>\n<p>Una de las medidas es la implantaci\u00f3n en todos los centros del <strong>\u201cBuz\u00f3n HELP\u201d,<\/strong> en el que los alumnos, de manera directa y discreta puedan informar de situaciones de violencia o acoso<\/p>\n<p>En nuestro centro se ha instalado el <strong>\u201cBuz\u00f3n HELP\u201d<\/strong> junto a Conserjer\u00eda y se va a dar a conocer su existencia y su forma de uso a trav\u00e9s de los tutores de cada grupo.<\/p>\n<p>Esta actuaci\u00f3n se suma al gran n\u00famero de actividades que el instituto ha realizado este curso en la campa\u00f1a \u201cEl IES. Ben Arab\u00ed, comprometido contra el bullying\u201d tales como actividades de tutor\u00eda, encuestas, carteles con esl\u00f3ganes, proyecci\u00f3n de v\u00eddeos, materiales de informaci\u00f3n para las familias, c\u00f3mics, etc.<\/p>\n","protected":false},"excerpt":{"rendered":"<p>La Consejer\u00eda de Educaci\u00f3n y Universidades ha puesto en marcha una serie de medidas y actuaciones concretas con el objetivo de conseguir un buen clima educativo en los centros de la Regi\u00f3n, enmarcadas dentro del Plan Regional para la Mejora de la Convivencia Escolar. Una de las medidas es la implantaci\u00f3n en todos los centros [&hellip;]<\/p>\n","protected":false},"author":1,"featured_media":0,"comment_status":"closed","ping_status":"open","sticky":false,"template":"","format":"standard","meta":{"footnotes":""},"categories":[1],"tags":[],"class_list":["post-5096","post","type-post","status-publish","format-standard","hentry","category-sin-categoria"],"_links":{"self":[{"href":"https:\/\/www.benarabi.org\/index.php?rest_route=\/wp\/v2\/posts\/5096","targetHints":{"allow":["GET"]}}],"collection":[{"href":"https:\/\/www.benarabi.org\/index.php?rest_route=\/wp\/v2\/posts"}],"about":[{"href":"https:\/\/www.benarabi.org\/index.php?rest_route=\/wp\/v2\/types\/post"}],"author":[{"embeddable":true,"href":"https:\/\/www.benarabi.org\/index.php?rest_route=\/wp\/v2\/users\/1"}],"replies":[{"embeddable":true,"href":"https:\/\/www.benarabi.org\/index.php?rest_route=%2Fwp%2Fv2%2Fcomments&post=5096"}],"version-history":[{"count":2,"href":"https:\/\/www.benarabi.org\/index.php?rest_route=\/wp\/v2\/posts\/5096\/revisions"}],"predecessor-version":[{"id":5099,"href":"https:\/\/www.benarabi.org\/index.php?rest_route=\/wp\/v2\/posts\/5096\/revisions\/5099"}],"wp:attachment":[{"href":"https:\/\/www.benarabi.org\/index.php?rest_route=%2Fwp%2Fv2%2Fmedia&parent=5096"}],"wp:term":[{"taxonomy":"category","embeddable":true,"href":"https:\/\/www.benarabi.org\/index.php?rest_route=%2Fwp%2Fv2%2Fcategories&post=5096"},{"taxonomy":"post_tag","embeddable":true,"href":"https:\/\/www.benarabi.org\/index.php?rest_route=%2Fwp%2Fv2%2Ftags&post=5096"}],"curies":[{"name":"wp","href":"https:\/\/api.w.org\/{rel}","templated":true}]}}