{"id":5101,"date":"2017-05-12T12:20:36","date_gmt":"2017-05-12T10:20:36","guid":{"rendered":"http:\/\/www.benarabi.org\/?p=5101"},"modified":"2017-05-12T12:26:02","modified_gmt":"2017-05-12T10:26:02","slug":"encuentro-del-ies-ben-arabi-con-el-alcalde-de-cartagena","status":"publish","type":"post","link":"https:\/\/www.benarabi.org\/?p=5101","title":{"rendered":"Encuentro del IES Ben Arab\u00ed con el alcalde de Cartagena"},"content":{"rendered":"<p><strong><a href=\"http:\/\/www.benarabi.org\/wp-content\/uploads\/2017\/05\/visita_alcalde2.jpg\"><img loading=\"lazy\" decoding=\"async\" class=\"alignleft size-thumbnail wp-image-5108\" src=\"http:\/\/www.benarabi.org\/wp-content\/uploads\/2017\/05\/visita_alcalde2-150x150.jpg\" alt=\"\" width=\"150\" height=\"150\"><\/a><\/strong>Un nutrido grupo de alumnos y profesores del IES Ben Arab\u00ed, encabezado por su Director, Manuel D\u00edaz, han sido recibidos hoy en el Ayuntamiento por el Alcalde, Jos\u00e9 L\u00f3pez, con objeto de poner en conocimiento del m\u00e1ximo representante del ayuntamiento la dilatada trayectoria del Centro, como embajador de nuestra Ciudad en un considerable n\u00famero de intercambios escolares que, a trav\u00e9s de la Secci\u00f3n Bil\u00edng\u00fce de Franc\u00e9s -en la que el Ben Arab\u00ed ha sido pionero a nivel nacional-, vienen realiz\u00e1ndose desde hace ya m\u00e1s de veinte a\u00f1os.<\/p>\n<p>Los beneficios de estos intercambios han sido m\u00faltiples y sustanciosos, sobre todo por lo que supone el enriquecimiento que proporciona el conocimiento, cercano y directo, de la cultura francesa, as\u00ed como de posibilitar rec\u00edprocamente la misma oportunidad para alumnos y profesores galos. Recientemente, este empe\u00f1o ha culminado con la solicitud de hermanamiento, a propuesta del municipio franc\u00e9s de <em>Pontcharra,<\/em> con nuestra localidad, a ra\u00edz de los acuerdos y visitas anuales entre el <em>Lyc\u00e9e Pierre du Terrail<\/em> y el IES Ben Arab\u00ed.<\/p>\n<p>Nuestro Director, Manuel D\u00edaz, ha transmitido este deseo del alcalde del municipio alpino al primer edil cartagenero, haci\u00e9ndole entrega de una medalla que hab\u00eda recibido para este prop\u00f3sito de manos de aqu\u00e9l, aprovechando la reciente visita a <em>Pontcharra<\/em> del Director del IES Ben Arab\u00ed, qui\u00e9n tambi\u00e9n ofreci\u00f3 a Jos\u00e9 L\u00f3pez una escultura conmemorativa del vigesimoquinto aniversario del Instituto cartagenero.<\/p>\n<p>El Alcalde de Cartagena agradeci\u00f3 los presentes a estudiantes y profesores, mostr\u00e1ndose ilusionado con el hermanamiento entre ambos municipios, y animando al Centro a continuar con este tipo de iniciativas, muestra y ejemplo de una Educaci\u00f3n de Calidad, que procura una formaci\u00f3n integral para nuestros alumnos, proyectando una imagen de solidez y capacidad de nuestra comunidad.<\/p>\n<p>Si quieres ver la galer\u00eda de fotos, <a href=\"http:\/\/www.benarabi.org\/?page_id=5113\">pincha aqu\u00ed<\/a>.<\/p>\n<p>Si quieres ver el v\u00eddeo de la recepci\u00f3n, <a href=\"https:\/\/youtu.be\/T1eQK31vp3M\">pincha aqu\u00ed<\/a>.<\/p>\n","protected":false},"excerpt":{"rendered":"<p>Un nutrido grupo de alumnos y profesores del IES Ben Arab\u00ed, encabezado por su Director, Manuel D\u00edaz, han sido recibidos hoy en el Ayuntamiento por el Alcalde, Jos\u00e9 L\u00f3pez, con objeto de poner en conocimiento del m\u00e1ximo representante del ayuntamiento la dilatada trayectoria del Centro, como embajador de nuestra Ciudad en un considerable n\u00famero de [&hellip;]<\/p>\n","protected":false},"author":1,"featured_media":0,"comment_status":"closed","ping_status":"open","sticky":false,"template":"","format":"standard","meta":{"footnotes":""},"categories":[1],"tags":[],"class_list":["post-5101","post","type-post","status-publish","format-standard","hentry","category-sin-categoria"],"_links":{"self":[{"href":"https:\/\/www.benarabi.org\/index.php?rest_route=\/wp\/v2\/posts\/5101","targetHints":{"allow":["GET"]}}],"collection":[{"href":"https:\/\/www.benarabi.org\/index.php?rest_route=\/wp\/v2\/posts"}],"about":[{"href":"https:\/\/www.benarabi.org\/index.php?rest_route=\/wp\/v2\/types\/post"}],"author":[{"embeddable":true,"href":"https:\/\/www.benarabi.org\/index.php?rest_route=\/wp\/v2\/users\/1"}],"replies":[{"embeddable":true,"href":"https:\/\/www.benarabi.org\/index.php?rest_route=%2Fwp%2Fv2%2Fcomments&post=5101"}],"version-history":[{"count":3,"href":"https:\/\/www.benarabi.org\/index.php?rest_route=\/wp\/v2\/posts\/5101\/revisions"}],"predecessor-version":[{"id":5114,"href":"https:\/\/www.benarabi.org\/index.php?rest_route=\/wp\/v2\/posts\/5101\/revisions\/5114"}],"wp:attachment":[{"href":"https:\/\/www.benarabi.org\/index.php?rest_route=%2Fwp%2Fv2%2Fmedia&parent=5101"}],"wp:term":[{"taxonomy":"category","embeddable":true,"href":"https:\/\/www.benarabi.org\/index.php?rest_route=%2Fwp%2Fv2%2Fcategories&post=5101"},{"taxonomy":"post_tag","embeddable":true,"href":"https:\/\/www.benarabi.org\/index.php?rest_route=%2Fwp%2Fv2%2Ftags&post=5101"}],"curies":[{"name":"wp","href":"https:\/\/api.w.org\/{rel}","templated":true}]}}