{"id":5260,"date":"2017-09-18T22:31:19","date_gmt":"2017-09-18T20:31:19","guid":{"rendered":"http:\/\/www.benarabi.org\/?p=5260"},"modified":"2017-09-18T22:35:24","modified_gmt":"2017-09-18T20:35:24","slug":"apertura-del-curso-2017-18","status":"publish","type":"post","link":"https:\/\/www.benarabi.org\/?p=5260","title":{"rendered":"Apertura del curso 2017-18"},"content":{"rendered":"<p><a href=\"http:\/\/www.benarabi.org\/wp-content\/uploads\/2017\/09\/presentacion1_17-18-1.jpg\"><img loading=\"lazy\" decoding=\"async\" class=\"alignleft size-thumbnail wp-image-5265\" src=\"http:\/\/www.benarabi.org\/wp-content\/uploads\/2017\/09\/presentacion1_17-18-1-150x150.jpg\" alt=\"\" width=\"150\" height=\"150\" srcset=\"https:\/\/www.benarabi.org\/wp-content\/uploads\/2017\/09\/presentacion1_17-18-1-150x150.jpg 150w, https:\/\/www.benarabi.org\/wp-content\/uploads\/2017\/09\/presentacion1_17-18-1-300x300.jpg 300w, https:\/\/www.benarabi.org\/wp-content\/uploads\/2017\/09\/presentacion1_17-18-1-768x768.jpg 768w, https:\/\/www.benarabi.org\/wp-content\/uploads\/2017\/09\/presentacion1_17-18-1.jpg 1024w\" sizes=\"auto, (max-width: 150px) 100vw, 150px\" \/><\/a>Durante las ma\u00f1anas del viernes 15 y lunes 18 de septiembre han dado comienzo las actividades lectivas correspondientes al nuevo curso 2017-18 con el recibimiento y las presentaciones de los alumnos. El martes 19, empezar\u00e1n las clases en su horario normal.<\/p>\n<p>Durante las jornadas de acogida, el Director Manuel D\u00edaz Segura dio la bienvenida a todo el alumnado que se incorpora a este centro, especialmente a los que ingresan por primera vez en el Instituto.<\/p>\n<p>Destac\u00f3 la importancia de que los alumnos conozcan los pilares fundamentales de toda instituci\u00f3n: Misi\u00f3n, Visi\u00f3n y Valores, como punto de partida de este nuevo curso.<\/p>\n<p>Adem\u00e1s remarc\u00f3 como objetivos prioritarios formar y orientar a los alumnos, reforzar la identidad y singularidad de nuestro Centro y favorecer un clima adecuado de convivencia.&nbsp;<\/p>\n<p>Para conseguir estos objetivos, el Centro ofertar\u00e1 una gran variedad de estudios, programas,\u2026 y pondr\u00e1 una gran cantidad de recursos humanos y materiales a disposici\u00f3n del alumnado. Todo ello con la colaboraci\u00f3n estrecha del AMPA.<\/p>\n<p>En el acto particip\u00f3 junto con el equipo directivo, el representante de los alumnos en el Consejo Escolar, Jorge Juan Soriano G\u00f3mez.<\/p>\n<p>&nbsp;<\/p>\n<p>&nbsp;&nbsp;&nbsp;&nbsp;&nbsp;&nbsp;&nbsp; \u00a1Bienvenidos a un nuevo curso!<\/p>\n<div id='gallery-1' class='gallery galleryid-5260 gallery-columns-2 gallery-size-thumbnail'><figure class='gallery-item'>\n\t\t\t<div class='gallery-icon landscape'>\n\t\t\t\t<a href='https:\/\/www.benarabi.org\/?attachment_id=5263'><img loading=\"lazy\" decoding=\"async\" width=\"141\" height=\"141\" src=\"https:\/\/www.benarabi.org\/wp-content\/uploads\/2017\/09\/presentacion3_17-18-150x150.jpg\" class=\"attachment-thumbnail size-thumbnail\" alt=\"\" srcset=\"https:\/\/www.benarabi.org\/wp-content\/uploads\/2017\/09\/presentacion3_17-18-150x150.jpg 150w, https:\/\/www.benarabi.org\/wp-content\/uploads\/2017\/09\/presentacion3_17-18-300x300.jpg 300w, https:\/\/www.benarabi.org\/wp-content\/uploads\/2017\/09\/presentacion3_17-18-768x768.jpg 768w, https:\/\/www.benarabi.org\/wp-content\/uploads\/2017\/09\/presentacion3_17-18-1024x1024.jpg 1024w, https:\/\/www.benarabi.org\/wp-content\/uploads\/2017\/09\/presentacion3_17-18.jpg 1600w\" sizes=\"auto, (max-width: 141px) 100vw, 141px\" \/><\/a>\n\t\t\t<\/div><\/figure><figure class='gallery-item'>\n\t\t\t<div class='gallery-icon landscape'>\n\t\t\t\t<a href='https:\/\/www.benarabi.org\/?attachment_id=5262'><img loading=\"lazy\" decoding=\"async\" width=\"141\" height=\"141\" src=\"https:\/\/www.benarabi.org\/wp-content\/uploads\/2017\/09\/presentacion2_17-18-150x150.jpg\" class=\"attachment-thumbnail size-thumbnail\" alt=\"\" srcset=\"https:\/\/www.benarabi.org\/wp-content\/uploads\/2017\/09\/presentacion2_17-18-150x150.jpg 150w, https:\/\/www.benarabi.org\/wp-content\/uploads\/2017\/09\/presentacion2_17-18-300x300.jpg 300w, https:\/\/www.benarabi.org\/wp-content\/uploads\/2017\/09\/presentacion2_17-18-768x768.jpg 768w, https:\/\/www.benarabi.org\/wp-content\/uploads\/2017\/09\/presentacion2_17-18-1024x1024.jpg 1024w, https:\/\/www.benarabi.org\/wp-content\/uploads\/2017\/09\/presentacion2_17-18.jpg 1600w\" sizes=\"auto, (max-width: 141px) 100vw, 141px\" \/><\/a>\n\t\t\t<\/div><\/figure>\n\t\t<\/div>\n\n","protected":false},"excerpt":{"rendered":"<p>Durante las ma\u00f1anas del viernes 15 y lunes 18 de septiembre han dado comienzo las actividades lectivas correspondientes al nuevo curso 2017-18 con el recibimiento y las presentaciones de los alumnos. El martes 19, empezar\u00e1n las clases en su horario normal. Durante las jornadas de acogida, el Director Manuel D\u00edaz Segura dio la bienvenida a [&hellip;]<\/p>\n","protected":false},"author":1,"featured_media":0,"comment_status":"closed","ping_status":"open","sticky":false,"template":"","format":"standard","meta":{"footnotes":""},"categories":[1],"tags":[],"class_list":["post-5260","post","type-post","status-publish","format-standard","hentry","category-sin-categoria"],"_links":{"self":[{"href":"https:\/\/www.benarabi.org\/index.php?rest_route=\/wp\/v2\/posts\/5260","targetHints":{"allow":["GET"]}}],"collection":[{"href":"https:\/\/www.benarabi.org\/index.php?rest_route=\/wp\/v2\/posts"}],"about":[{"href":"https:\/\/www.benarabi.org\/index.php?rest_route=\/wp\/v2\/types\/post"}],"author":[{"embeddable":true,"href":"https:\/\/www.benarabi.org\/index.php?rest_route=\/wp\/v2\/users\/1"}],"replies":[{"embeddable":true,"href":"https:\/\/www.benarabi.org\/index.php?rest_route=%2Fwp%2Fv2%2Fcomments&post=5260"}],"version-history":[{"count":4,"href":"https:\/\/www.benarabi.org\/index.php?rest_route=\/wp\/v2\/posts\/5260\/revisions"}],"predecessor-version":[{"id":5268,"href":"https:\/\/www.benarabi.org\/index.php?rest_route=\/wp\/v2\/posts\/5260\/revisions\/5268"}],"wp:attachment":[{"href":"https:\/\/www.benarabi.org\/index.php?rest_route=%2Fwp%2Fv2%2Fmedia&parent=5260"}],"wp:term":[{"taxonomy":"category","embeddable":true,"href":"https:\/\/www.benarabi.org\/index.php?rest_route=%2Fwp%2Fv2%2Fcategories&post=5260"},{"taxonomy":"post_tag","embeddable":true,"href":"https:\/\/www.benarabi.org\/index.php?rest_route=%2Fwp%2Fv2%2Ftags&post=5260"}],"curies":[{"name":"wp","href":"https:\/\/api.w.org\/{rel}","templated":true}]}}