{"id":5486,"date":"2017-11-29T11:43:16","date_gmt":"2017-11-29T10:43:16","guid":{"rendered":"http:\/\/www.benarabi.org\/?p=5486"},"modified":"2017-11-30T13:27:45","modified_gmt":"2017-11-30T12:27:45","slug":"25-de-noviembre-dia-internacional-de-la-eliminacion-de-la-violencia-contra-las-mujeres","status":"publish","type":"post","link":"https:\/\/www.benarabi.org\/?p=5486","title":{"rendered":"25 de Noviembre: D\u00eda Internacional de la Eliminaci\u00f3n de la Violencia contra las mujeres"},"content":{"rendered":"<p><a href=\"http:\/\/www.benarabi.org\/wp-content\/uploads\/2017\/11\/Sin-t\u00edtulo.png\"><img loading=\"lazy\" decoding=\"async\" class=\"alignleft wp-image-5494 size-full\" src=\"http:\/\/www.benarabi.org\/wp-content\/uploads\/2017\/11\/Sin-t\u00edtulo-e1511952588554.png\" alt=\"\" width=\"150\" height=\"156\"><\/a>Con motivo de la celebraci\u00f3n del D\u00eda Internacional para la Eliminaci\u00f3n de la Violencia contra la Mujer,&nbsp;el IES. Ben Arab\u00ed se ha unido a la campa\u00f1a que la&nbsp;Concejal\u00eda de Igualdad del Ayuntamiento de Cartagena ha organizado para crear conciencia social:&nbsp;<strong>\u201cNo te enga\u00f1es. Y t\u00fa que lo ves&#8230; \u00bfPor qu\u00e9 te callas?\u201d.<\/strong><\/p>\n<p>Entre las actividades organizadas en nuestro centro, se han realizado talleres con los alumnos de 3\u00ba ESO: \u201cHacia el hombre igualitario\u201d, en los que se han trabajado los conceptos de la igualdad, el machismo, el feminismo, la identidad de g\u00e9nero, la mujer maltratada,\u2026con el objetivo de transmitir valores, reestructurar esquemas mentales&nbsp; err\u00f3neos y corregir modelos de conducta ya instaurados.<\/p>\n<p>Adem\u00e1s se ha instalado un gran <a href=\"http:\/\/www.benarabi.org\/wp-content\/uploads\/2017\/11\/adhesivos-calles.pdf\">adhesivo<\/a> en el hall del centro con el lema de la campa\u00f1a:<\/p>\n<p>\u201cQuisiera dejarlo, pero \u00e9l dice\u2026que no puede vivir sin m\u00ed.\u201d<\/p>\n<p>\u201cNo te enga\u00f1es.\u201d<\/p>\n<p>\u201cY t\u00fa que lo ves\u2026\u00bfPor qu\u00e9 te callas?\u201d<\/p>\n","protected":false},"excerpt":{"rendered":"<p>Con motivo de la celebraci\u00f3n del D\u00eda Internacional para la Eliminaci\u00f3n de la Violencia contra la Mujer,&nbsp;el IES. Ben Arab\u00ed se ha unido a la campa\u00f1a que la&nbsp;Concejal\u00eda de Igualdad del Ayuntamiento de Cartagena ha organizado para crear conciencia social:&nbsp;\u201cNo te enga\u00f1es. Y t\u00fa que lo ves&#8230; \u00bfPor qu\u00e9 te callas?\u201d. Entre las actividades organizadas [&hellip;]<\/p>\n","protected":false},"author":1,"featured_media":0,"comment_status":"closed","ping_status":"open","sticky":false,"template":"","format":"standard","meta":{"footnotes":""},"categories":[1],"tags":[],"class_list":["post-5486","post","type-post","status-publish","format-standard","hentry","category-sin-categoria"],"_links":{"self":[{"href":"https:\/\/www.benarabi.org\/index.php?rest_route=\/wp\/v2\/posts\/5486","targetHints":{"allow":["GET"]}}],"collection":[{"href":"https:\/\/www.benarabi.org\/index.php?rest_route=\/wp\/v2\/posts"}],"about":[{"href":"https:\/\/www.benarabi.org\/index.php?rest_route=\/wp\/v2\/types\/post"}],"author":[{"embeddable":true,"href":"https:\/\/www.benarabi.org\/index.php?rest_route=\/wp\/v2\/users\/1"}],"replies":[{"embeddable":true,"href":"https:\/\/www.benarabi.org\/index.php?rest_route=%2Fwp%2Fv2%2Fcomments&post=5486"}],"version-history":[{"count":6,"href":"https:\/\/www.benarabi.org\/index.php?rest_route=\/wp\/v2\/posts\/5486\/revisions"}],"predecessor-version":[{"id":5498,"href":"https:\/\/www.benarabi.org\/index.php?rest_route=\/wp\/v2\/posts\/5486\/revisions\/5498"}],"wp:attachment":[{"href":"https:\/\/www.benarabi.org\/index.php?rest_route=%2Fwp%2Fv2%2Fmedia&parent=5486"}],"wp:term":[{"taxonomy":"category","embeddable":true,"href":"https:\/\/www.benarabi.org\/index.php?rest_route=%2Fwp%2Fv2%2Fcategories&post=5486"},{"taxonomy":"post_tag","embeddable":true,"href":"https:\/\/www.benarabi.org\/index.php?rest_route=%2Fwp%2Fv2%2Ftags&post=5486"}],"curies":[{"name":"wp","href":"https:\/\/api.w.org\/{rel}","templated":true}]}}