{"id":5511,"date":"2017-12-05T12:07:09","date_gmt":"2017-12-05T11:07:09","guid":{"rendered":"http:\/\/www.benarabi.org\/?p=5511"},"modified":"2017-12-05T12:07:09","modified_gmt":"2017-12-05T11:07:09","slug":"el-ies-ben-arabi-acreditado-como-centro-delf-scolaire","status":"publish","type":"post","link":"https:\/\/www.benarabi.org\/?p=5511","title":{"rendered":"El IES Ben Arabi, acreditado como Centro DELF Scolaire"},"content":{"rendered":"<p><a href=\"http:\/\/www.benarabi.org\/wp-content\/uploads\/2017\/12\/placa-frances-ben-arabi.jpg\"><img loading=\"lazy\" decoding=\"async\" class=\"alignleft size-thumbnail wp-image-5512\" src=\"http:\/\/www.benarabi.org\/wp-content\/uploads\/2017\/12\/placa-frances-ben-arabi-150x150.jpg\" alt=\"\" width=\"150\" height=\"150\" srcset=\"https:\/\/www.benarabi.org\/wp-content\/uploads\/2017\/12\/placa-frances-ben-arabi-150x150.jpg 150w, https:\/\/www.benarabi.org\/wp-content\/uploads\/2017\/12\/placa-frances-ben-arabi-300x300.jpg 300w, https:\/\/www.benarabi.org\/wp-content\/uploads\/2017\/12\/placa-frances-ben-arabi-768x768.jpg 768w, https:\/\/www.benarabi.org\/wp-content\/uploads\/2017\/12\/placa-frances-ben-arabi-1024x1024.jpg 1024w\" sizes=\"auto, (max-width: 150px) 100vw, 150px\" \/><\/a>El IES Ben Arab\u00ed ha recibido la acreditaci\u00f3n como Centro Colaborador <em>DELF Scolaire<\/em> de manos de la <em>Consejera Cultural<\/em><em> Adjunta de la Embajada de Francia en Espa\u00f1a<\/em>, Luc\u00eda Da Silva, el pasado jueves 30 de noviembre de 2017.<\/p>\n<p>El IES Ben Arab\u00ed fue el primero de los cuatro Centros educativos de la Regi\u00f3n que ostentan esta condici\u00f3n, junto con los IES Alfonso X El Sabio y Mariano Baquero, ambos de Murcia, y el IES Valle de Leiva, de Alhama de Murcia.<\/p>\n<p>El <em>DELF:<\/em> <em>Dipl\u00f4me d\u2019\u00e9tudes en Langue Fran\u00e7aise &nbsp;<\/em>(Diploma de Estudios en Lengua Francesa), consta de &nbsp;cuatro diplomas oficiales internacionales expedidos por el <em>Ministerio de Educaci\u00f3n Nacional de Francia<\/em>, con validez en todo el mundo para acreditar las competencias en franc\u00e9s de los candidatos extranjeros, y se corresponden, respectivamente, con los niveles A1, A2, B1 y B2 del <em>Marco Com\u00fan Europeo de Referencia para las Lenguas<\/em>. El <em>DELF Scolaire<\/em> es una versi\u00f3n de estos ex\u00e1menes oficiales, adaptados y dirigidos en exclusiva a los alumnos de los Institutos de Educaci\u00f3n Secundaria que figuran en los convenios entre las Autoridades educativas de la Comunidad Aut\u00f3noma, y el Servicio Cultural de la Embajada de Francia en Espa\u00f1a.<\/p>\n<p>Esta iniciativa permite a los alumnos del IES Ben Arab\u00ed, pertenecientes al <em>Sistema de Ense\u00f1anza en Lengua Extranjera: Franc\u00e9s<\/em>, concurrir a estas prestigiosas pruebas en las mejores condiciones, ya que se realizan en colaboraci\u00f3n con nuestro Centro, tanto para la gesti\u00f3n como para la celebraci\u00f3n de las pruebas, que se llevan a cabo en las propias instalaciones del Instituto.<\/p>\n<p>Cada a\u00f1o, se presenta un nutrido grupo de estudiantes, que obtiene unos \u00edndices de \u00e9xito alt\u00edsimos, consiguiendo su certificaci\u00f3n oficial. En concreto, el pasado curso 2016-2017 se inscribieron 30 candidatos, con un 100% de aprobados, 20 en el nivel B1 y 10 en el nivel B2.<\/p>\n<p>La entrega de la acreditaci\u00f3n se llev\u00f3 a cabo en el marco de las Jornadas <em>Hablamos Franc\u00e9s. Ense\u00f1amos Franc\u00e9s,<\/em> auspiciadas por la Consejer\u00eda de Educaci\u00f3n de la Regi\u00f3n de Murcia y que contaron con la presencia de la <em>Consejera<\/em><em> de Educaci\u00f3n<\/em>, Adela Mart\u00ednez-Cach\u00e1.<\/p>\n<p>Con esta nueva distinci\u00f3n, el IES Ben Arab\u00ed contin\u00faa sumando reconocimientos a la Calidad de la Ense\u00f1anza en Lengua Extranjera desde que, en el a\u00f1o 2000, fuese pionero en la Regi\u00f3n de Murcia al iniciar la primera Secci\u00f3n Biling\u00fce de Franc\u00e9s en un IES. En estos 17 a\u00f1os se han sucedido y consolidado iniciativas, actividades y premios, tales como la participaci\u00f3n en los Programas de<em> Intercambios Escolares de la Uni\u00f3n Europea<\/em>, de <em>Auxiliares de Conversaci\u00f3n del Ministerio de Educaci\u00f3n<\/em>, de <em>Coros Biling\u00fces de la Regi\u00f3n de Murcia<\/em>, de <em>Doble Titulaci\u00f3n<\/em> <em>Bachillerato-Baccalaur\u00e9at: \u201cBachibac\u201d<\/em>, de <em>Sistemas de Ense\u00f1anzas en Lenguas Extranjeras, en su modalidad Avanzada<\/em>, o la pertenencia a la <em>Red Mundial<\/em><em> de Centros de Excelencia \u201cLabel France Education\u201d.<\/em><\/p>\n<div id='gallery-1' class='gallery galleryid-5511 gallery-columns-3 gallery-size-thumbnail'><figure class='gallery-item'>\n\t\t\t<div class='gallery-icon landscape'>\n\t\t\t\t<a href='https:\/\/www.benarabi.org\/?attachment_id=5513'><img loading=\"lazy\" decoding=\"async\" width=\"141\" height=\"141\" src=\"https:\/\/www.benarabi.org\/wp-content\/uploads\/2017\/12\/IMG_20171130_105910469-150x150.jpg\" class=\"attachment-thumbnail size-thumbnail\" alt=\"\" \/><\/a>\n\t\t\t<\/div><\/figure><figure class='gallery-item'>\n\t\t\t<div class='gallery-icon landscape'>\n\t\t\t\t<a href='https:\/\/www.benarabi.org\/?attachment_id=5512'><img loading=\"lazy\" decoding=\"async\" width=\"141\" height=\"141\" src=\"https:\/\/www.benarabi.org\/wp-content\/uploads\/2017\/12\/placa-frances-ben-arabi-150x150.jpg\" class=\"attachment-thumbnail size-thumbnail\" alt=\"\" srcset=\"https:\/\/www.benarabi.org\/wp-content\/uploads\/2017\/12\/placa-frances-ben-arabi-150x150.jpg 150w, https:\/\/www.benarabi.org\/wp-content\/uploads\/2017\/12\/placa-frances-ben-arabi-300x300.jpg 300w, https:\/\/www.benarabi.org\/wp-content\/uploads\/2017\/12\/placa-frances-ben-arabi-768x768.jpg 768w, https:\/\/www.benarabi.org\/wp-content\/uploads\/2017\/12\/placa-frances-ben-arabi-1024x1024.jpg 1024w\" sizes=\"auto, (max-width: 141px) 100vw, 141px\" \/><\/a>\n\t\t\t<\/div><\/figure>\n\t\t<\/div>\n\n","protected":false},"excerpt":{"rendered":"<p>El IES Ben Arab\u00ed ha recibido la acreditaci\u00f3n como Centro Colaborador DELF Scolaire de manos de la Consejera Cultural Adjunta de la Embajada de Francia en Espa\u00f1a, Luc\u00eda Da Silva, el pasado jueves 30 de noviembre de 2017. El IES Ben Arab\u00ed fue el primero de los cuatro Centros educativos de la Regi\u00f3n que ostentan [&hellip;]<\/p>\n","protected":false},"author":1,"featured_media":0,"comment_status":"closed","ping_status":"open","sticky":false,"template":"","format":"standard","meta":{"footnotes":""},"categories":[1],"tags":[],"class_list":["post-5511","post","type-post","status-publish","format-standard","hentry","category-sin-categoria"],"_links":{"self":[{"href":"https:\/\/www.benarabi.org\/index.php?rest_route=\/wp\/v2\/posts\/5511","targetHints":{"allow":["GET"]}}],"collection":[{"href":"https:\/\/www.benarabi.org\/index.php?rest_route=\/wp\/v2\/posts"}],"about":[{"href":"https:\/\/www.benarabi.org\/index.php?rest_route=\/wp\/v2\/types\/post"}],"author":[{"embeddable":true,"href":"https:\/\/www.benarabi.org\/index.php?rest_route=\/wp\/v2\/users\/1"}],"replies":[{"embeddable":true,"href":"https:\/\/www.benarabi.org\/index.php?rest_route=%2Fwp%2Fv2%2Fcomments&post=5511"}],"version-history":[{"count":1,"href":"https:\/\/www.benarabi.org\/index.php?rest_route=\/wp\/v2\/posts\/5511\/revisions"}],"predecessor-version":[{"id":5514,"href":"https:\/\/www.benarabi.org\/index.php?rest_route=\/wp\/v2\/posts\/5511\/revisions\/5514"}],"wp:attachment":[{"href":"https:\/\/www.benarabi.org\/index.php?rest_route=%2Fwp%2Fv2%2Fmedia&parent=5511"}],"wp:term":[{"taxonomy":"category","embeddable":true,"href":"https:\/\/www.benarabi.org\/index.php?rest_route=%2Fwp%2Fv2%2Fcategories&post=5511"},{"taxonomy":"post_tag","embeddable":true,"href":"https:\/\/www.benarabi.org\/index.php?rest_route=%2Fwp%2Fv2%2Ftags&post=5511"}],"curies":[{"name":"wp","href":"https:\/\/api.w.org\/{rel}","templated":true}]}}