{"id":5546,"date":"2018-01-17T16:17:59","date_gmt":"2018-01-17T15:17:59","guid":{"rendered":"http:\/\/www.benarabi.org\/?p=5546"},"modified":"2018-01-17T19:44:09","modified_gmt":"2018-01-17T18:44:09","slug":"vi-semana-cultural-el-cine-y-dia-del-centro-2018","status":"publish","type":"post","link":"https:\/\/www.benarabi.org\/?p=5546","title":{"rendered":"VI Semana Cultural \u00abEl Cine\u00bb y D\u00eda del centro 2018"},"content":{"rendered":"<p><a href=\"http:\/\/www.benarabi.org\/wp-content\/uploads\/2018\/01\/Sin-t\u00edtulo.png\"><img loading=\"lazy\" decoding=\"async\" class=\"alignleft wp-image-5550 size-full\" src=\"http:\/\/www.benarabi.org\/wp-content\/uploads\/2018\/01\/Sin-t\u00edtulo-e1516202541307.png\" alt=\"\" width=\"150\" height=\"83\"><\/a>Del 22 al 26 de enero, tendr\u00e1 lugar la VI Semana Cultural de nuestro instituto, que este a\u00f1o lleva por t\u00edtulo: \u201cEl Cine\u201d.<br \/>\nDurante<span class=\"m_2795054167754024781gmail-apple-converted-space\">&nbsp;<\/span>estos d\u00edas, el objetivo fundamental es que nuestros alumnos conozcan y&nbsp;trabajen, a trav\u00e9s de las distintas \u00e1reas del curr\u00edculo, la importancia e influencia que el cine genera en nuestra sociedad.<br \/>\nEl viernes 26 de enero, coincidiendo con la Semana Cultural, se celebrar\u00e1 el D\u00eda del Centro, en el que se realizar\u00e1n una gran cantidad de actividades dirigidas a toda la comunidad educativa.<br \/>\nSi quieres ver el Programa completo y detallado de la VI Semana Cultural y del D\u00eda del Centro, <a href=\"http:\/\/www.benarabi.org\/wp-content\/uploads\/2018\/01\/SEMANA-CULTURAL.-D\u00cdA-DEL-CENTRO-2018definitivo.pdf\">pulsa aqu\u00ed<\/a>.<\/p>\n","protected":false},"excerpt":{"rendered":"<p>Del 22 al 26 de enero, tendr\u00e1 lugar la VI Semana Cultural de nuestro instituto, que este a\u00f1o lleva por t\u00edtulo: \u201cEl Cine\u201d. Durante&nbsp;estos d\u00edas, el objetivo fundamental es que nuestros alumnos conozcan y&nbsp;trabajen, a trav\u00e9s de las distintas \u00e1reas del curr\u00edculo, la importancia e influencia que el cine genera en nuestra sociedad. El viernes [&hellip;]<\/p>\n","protected":false},"author":1,"featured_media":0,"comment_status":"closed","ping_status":"open","sticky":false,"template":"","format":"standard","meta":{"footnotes":""},"categories":[1],"tags":[],"class_list":["post-5546","post","type-post","status-publish","format-standard","hentry","category-sin-categoria"],"_links":{"self":[{"href":"https:\/\/www.benarabi.org\/index.php?rest_route=\/wp\/v2\/posts\/5546","targetHints":{"allow":["GET"]}}],"collection":[{"href":"https:\/\/www.benarabi.org\/index.php?rest_route=\/wp\/v2\/posts"}],"about":[{"href":"https:\/\/www.benarabi.org\/index.php?rest_route=\/wp\/v2\/types\/post"}],"author":[{"embeddable":true,"href":"https:\/\/www.benarabi.org\/index.php?rest_route=\/wp\/v2\/users\/1"}],"replies":[{"embeddable":true,"href":"https:\/\/www.benarabi.org\/index.php?rest_route=%2Fwp%2Fv2%2Fcomments&post=5546"}],"version-history":[{"count":4,"href":"https:\/\/www.benarabi.org\/index.php?rest_route=\/wp\/v2\/posts\/5546\/revisions"}],"predecessor-version":[{"id":5563,"href":"https:\/\/www.benarabi.org\/index.php?rest_route=\/wp\/v2\/posts\/5546\/revisions\/5563"}],"wp:attachment":[{"href":"https:\/\/www.benarabi.org\/index.php?rest_route=%2Fwp%2Fv2%2Fmedia&parent=5546"}],"wp:term":[{"taxonomy":"category","embeddable":true,"href":"https:\/\/www.benarabi.org\/index.php?rest_route=%2Fwp%2Fv2%2Fcategories&post=5546"},{"taxonomy":"post_tag","embeddable":true,"href":"https:\/\/www.benarabi.org\/index.php?rest_route=%2Fwp%2Fv2%2Ftags&post=5546"}],"curies":[{"name":"wp","href":"https:\/\/api.w.org\/{rel}","templated":true}]}}