{"id":5564,"date":"2018-01-23T22:32:10","date_gmt":"2018-01-23T21:32:10","guid":{"rendered":"http:\/\/www.benarabi.org\/?p=5564"},"modified":"2018-01-23T22:32:10","modified_gmt":"2018-01-23T21:32:10","slug":"convocadas-pruebas-de-acceso-a-ciclos-de-grado-medio-y-superior-de-formacion-profesional-para-el-ano-2018","status":"publish","type":"post","link":"https:\/\/www.benarabi.org\/?p=5564","title":{"rendered":"Convocadas Pruebas de Acceso a Ciclos de Grado Medio y Superior de Formaci\u00f3n Profesional para el a\u00f1o 2018"},"content":{"rendered":"<p><a href=\"http:\/\/www.benarabi.org\/wp-content\/uploads\/2018\/01\/imagen_ciclos_formativos_.jpg\"><img loading=\"lazy\" decoding=\"async\" class=\"alignleft wp-image-5566 size-full\" src=\"http:\/\/www.benarabi.org\/wp-content\/uploads\/2018\/01\/imagen_ciclos_formativos_-e1516743068610.jpg\" alt=\"\" width=\"150\" height=\"162\"><\/a>La Consejer\u00eda&nbsp;de Educaci\u00f3n y Universidades de la Comunidad Aut\u00f3noma de la Regi\u00f3n&nbsp;de Murcia, convoca las Pruebas de Acceso a los Ciclos Formativos de Grado Medio&nbsp;y Superior de Formaci\u00f3n Profesional del Sistema Educativo, para el a\u00f1o 2018, cuyo&nbsp;plazo de inscripci\u00f3n&nbsp;se inicia desde las <strong>9:00 horas del lunes&nbsp;15 de enero<\/strong>&nbsp;hasta las 14:00 horas del jueves <strong>1 de febrero<\/strong>&nbsp;de 2018, ambos incluidos.<\/p>\n<p>Si quieres ver el enlace de la Consejer\u00eda donde vienen los contenidos de referencia,&nbsp;calendario y horario de las pruebas, acceso a solicitud online, ex\u00e1menes de convocatorias anteriores, orientaciones,\u2026<a href=\"https:\/\/www.carm.es\/web\/pagina?IDCONTENIDO=27281&amp;IDTIPO=100&amp;RASTRO=c816$m17010\" target=\"_blank\" rel=\"noopener\">pincha aqu\u00ed.<\/a><\/p>\n<p>Si quieres ver la resoluci\u00f3n completa, <a href=\"http:\/\/www.benarabi.org\/wp-content\/uploads\/2018\/01\/PRUEBAS-CICLOS-2018-1.pdf\">pincha aqu\u00ed.<\/a><\/p>\n<p>Para m\u00e1s informaci\u00f3n puedes consultar a tu tutor, al Departamento de Orientaci\u00f3n y&nbsp;tambi\u00e9n consultar en la web&nbsp;<a href=\"http:\/\/www.llegarasalto.com.\/\">www.llegarasalto.com.<\/a><\/p>\n","protected":false},"excerpt":{"rendered":"<p>La Consejer\u00eda&nbsp;de Educaci\u00f3n y Universidades de la Comunidad Aut\u00f3noma de la Regi\u00f3n&nbsp;de Murcia, convoca las Pruebas de Acceso a los Ciclos Formativos de Grado Medio&nbsp;y Superior de Formaci\u00f3n Profesional del Sistema Educativo, para el a\u00f1o 2018, cuyo&nbsp;plazo de inscripci\u00f3n&nbsp;se inicia desde las 9:00 horas del lunes&nbsp;15 de enero&nbsp;hasta las 14:00 horas del jueves 1 de [&hellip;]<\/p>\n","protected":false},"author":1,"featured_media":0,"comment_status":"closed","ping_status":"open","sticky":false,"template":"","format":"standard","meta":{"footnotes":""},"categories":[1],"tags":[],"class_list":["post-5564","post","type-post","status-publish","format-standard","hentry","category-sin-categoria"],"_links":{"self":[{"href":"https:\/\/www.benarabi.org\/index.php?rest_route=\/wp\/v2\/posts\/5564","targetHints":{"allow":["GET"]}}],"collection":[{"href":"https:\/\/www.benarabi.org\/index.php?rest_route=\/wp\/v2\/posts"}],"about":[{"href":"https:\/\/www.benarabi.org\/index.php?rest_route=\/wp\/v2\/types\/post"}],"author":[{"embeddable":true,"href":"https:\/\/www.benarabi.org\/index.php?rest_route=\/wp\/v2\/users\/1"}],"replies":[{"embeddable":true,"href":"https:\/\/www.benarabi.org\/index.php?rest_route=%2Fwp%2Fv2%2Fcomments&post=5564"}],"version-history":[{"count":1,"href":"https:\/\/www.benarabi.org\/index.php?rest_route=\/wp\/v2\/posts\/5564\/revisions"}],"predecessor-version":[{"id":5567,"href":"https:\/\/www.benarabi.org\/index.php?rest_route=\/wp\/v2\/posts\/5564\/revisions\/5567"}],"wp:attachment":[{"href":"https:\/\/www.benarabi.org\/index.php?rest_route=%2Fwp%2Fv2%2Fmedia&parent=5564"}],"wp:term":[{"taxonomy":"category","embeddable":true,"href":"https:\/\/www.benarabi.org\/index.php?rest_route=%2Fwp%2Fv2%2Fcategories&post=5564"},{"taxonomy":"post_tag","embeddable":true,"href":"https:\/\/www.benarabi.org\/index.php?rest_route=%2Fwp%2Fv2%2Ftags&post=5564"}],"curies":[{"name":"wp","href":"https:\/\/api.w.org\/{rel}","templated":true}]}}