{"id":5589,"date":"2018-02-09T14:44:14","date_gmt":"2018-02-09T13:44:14","guid":{"rendered":"http:\/\/www.benarabi.org\/?p=5589"},"modified":"2018-02-09T14:48:29","modified_gmt":"2018-02-09T13:48:29","slug":"el-ies-ben-arabi-celebra-el-xx-aniversario-del-premio-jacinto-alcaraz-mellado","status":"publish","type":"post","link":"https:\/\/www.benarabi.org\/?p=5589","title":{"rendered":"El IES Ben Arab\u00ed celebra el XX Aniversario del Premio Jacinto Alcaraz Mellado."},"content":{"rendered":"<p><a href=\"http:\/\/www.benarabi.org\/wp-content\/uploads\/2018\/02\/XXpremio_cartel_jacinto-alcaraz-2017.jpg\"><img loading=\"lazy\" decoding=\"async\" class=\"alignleft wp-image-5596\" src=\"http:\/\/www.benarabi.org\/wp-content\/uploads\/2018\/02\/XXpremio_cartel_jacinto-alcaraz-2017.jpg\" alt=\"\" width=\"150\" height=\"210\" srcset=\"https:\/\/www.benarabi.org\/wp-content\/uploads\/2018\/02\/XXpremio_cartel_jacinto-alcaraz-2017.jpg 4228w, https:\/\/www.benarabi.org\/wp-content\/uploads\/2018\/02\/XXpremio_cartel_jacinto-alcaraz-2017-215x300.jpg 215w, https:\/\/www.benarabi.org\/wp-content\/uploads\/2018\/02\/XXpremio_cartel_jacinto-alcaraz-2017-768x1074.jpg 768w, https:\/\/www.benarabi.org\/wp-content\/uploads\/2018\/02\/XXpremio_cartel_jacinto-alcaraz-2017-732x1024.jpg 732w\" sizes=\"auto, (max-width: 150px) 100vw, 150px\" \/><\/a>El pr\u00f3ximo <strong>mi\u00e9rcoles, 14 de febrero<\/strong> se har\u00e1 entrega del XX Premio Jacinto Alcaraz Mellado, a la solidaridad, tolerancia y convivencia. Tendr\u00e1 lugar en el auditorio del Conservatorio de M\u00fasica de Cartagena a las <strong>11:30 horas<\/strong>.<\/p>\n<p>En esta edici\u00f3n, el galard\u00f3n ha reca\u00eddo en la asociaci\u00f3n <strong>AFAL Cartagena y Comarca <\/strong>(Asociaci\u00f3n de Familiares y Amigos de enfermos de Alzheimer).<\/p>\n<p>El acto incluir\u00e1 la celebraci\u00f3n del vig\u00e9simo aniversario del Premio y se proyectar\u00e1 un breve documental en el que se har\u00e1 un recorrido por las veinte ediciones.<\/p>\n<p>Adem\u00e1s, a lo largo de la semana, habr\u00e1 una exposici\u00f3n en el distribuidor principal del Centro de los 20 carteles del Premio.<\/p>\n<p>Si quieres ver la informaci\u00f3n completa y detallada del Programa del acto, <a href=\"http:\/\/www.benarabi.org\/wp-content\/uploads\/2018\/02\/PROGRAMA-ENTREGA-PREMIO-JACINTO-ALCARAZ-2018.pdf\">pincha aqu\u00ed<\/a>.<\/p>\n","protected":false},"excerpt":{"rendered":"<p>El pr\u00f3ximo mi\u00e9rcoles, 14 de febrero se har\u00e1 entrega del XX Premio Jacinto Alcaraz Mellado, a la solidaridad, tolerancia y convivencia. Tendr\u00e1 lugar en el auditorio del Conservatorio de M\u00fasica de Cartagena a las 11:30 horas. En esta edici\u00f3n, el galard\u00f3n ha reca\u00eddo en la asociaci\u00f3n AFAL Cartagena y Comarca (Asociaci\u00f3n de Familiares y Amigos [&hellip;]<\/p>\n","protected":false},"author":1,"featured_media":0,"comment_status":"closed","ping_status":"open","sticky":false,"template":"","format":"standard","meta":{"footnotes":""},"categories":[1],"tags":[],"class_list":["post-5589","post","type-post","status-publish","format-standard","hentry","category-sin-categoria"],"_links":{"self":[{"href":"https:\/\/www.benarabi.org\/index.php?rest_route=\/wp\/v2\/posts\/5589","targetHints":{"allow":["GET"]}}],"collection":[{"href":"https:\/\/www.benarabi.org\/index.php?rest_route=\/wp\/v2\/posts"}],"about":[{"href":"https:\/\/www.benarabi.org\/index.php?rest_route=\/wp\/v2\/types\/post"}],"author":[{"embeddable":true,"href":"https:\/\/www.benarabi.org\/index.php?rest_route=\/wp\/v2\/users\/1"}],"replies":[{"embeddable":true,"href":"https:\/\/www.benarabi.org\/index.php?rest_route=%2Fwp%2Fv2%2Fcomments&post=5589"}],"version-history":[{"count":4,"href":"https:\/\/www.benarabi.org\/index.php?rest_route=\/wp\/v2\/posts\/5589\/revisions"}],"predecessor-version":[{"id":5594,"href":"https:\/\/www.benarabi.org\/index.php?rest_route=\/wp\/v2\/posts\/5589\/revisions\/5594"}],"wp:attachment":[{"href":"https:\/\/www.benarabi.org\/index.php?rest_route=%2Fwp%2Fv2%2Fmedia&parent=5589"}],"wp:term":[{"taxonomy":"category","embeddable":true,"href":"https:\/\/www.benarabi.org\/index.php?rest_route=%2Fwp%2Fv2%2Fcategories&post=5589"},{"taxonomy":"post_tag","embeddable":true,"href":"https:\/\/www.benarabi.org\/index.php?rest_route=%2Fwp%2Fv2%2Ftags&post=5589"}],"curies":[{"name":"wp","href":"https:\/\/api.w.org\/{rel}","templated":true}]}}