{"id":5605,"date":"2018-02-15T13:36:39","date_gmt":"2018-02-15T12:36:39","guid":{"rendered":"http:\/\/www.benarabi.org\/?p=5605"},"modified":"2018-03-01T11:27:38","modified_gmt":"2018-03-01T10:27:38","slug":"veinte-anos-premiando-la-convivencia-solidaridad-y-tolerancia","status":"publish","type":"post","link":"https:\/\/www.benarabi.org\/?p=5605","title":{"rendered":"Veinte a\u00f1os premiando la convivencia, solidaridad, y tolerancia"},"content":{"rendered":"<p><a href=\"http:\/\/www.benarabi.org\/wp-content\/uploads\/2018\/02\/CCB0AE8A-B40A-43B2-B39A-4E94059BFF9B.jpeg\"><img loading=\"lazy\" decoding=\"async\" class=\"alignleft wp-image-5626 size-full\" src=\"http:\/\/www.benarabi.org\/wp-content\/uploads\/2018\/02\/CCB0AE8A-B40A-43B2-B39A-4E94059BFF9B-e1518774061668.jpeg\" alt=\"\" width=\"300\" height=\"169\"><\/a>El <em>Premio Jacinto Alcaraz Mellado, a la convivencia, solidaridad y tolerancia<\/em>, celebra su vig\u00e9simo aniversario.<\/p>\n<p>Este galard\u00f3n de \u00e1mbito regional, creado por el <em>IES Ben Arab\u00ed<\/em> de Cartagena, ha destacado durante estas dos d\u00e9cadas la labor que realizan asociaciones, organismos y personas en diferentes \u00e1mbitos de la sociedad, pero siempre en beneficio de los m\u00e1s necesitados.<\/p>\n<p>Los valores fomentados por el Premio se inspiran en la figura de Jacinto Alcaraz Mellado, profesor del IES Ben Arab\u00ed, fallecido en 1996, que destac\u00f3 por su cercan\u00eda a los problemas sociales que le rodeaban en su experiencia docente.<\/p>\n<p>Desde 1998, han engrosado la lista de premiados, entre otros, el docente Juan Carri\u00f3n, la Hospitalidad de Santa Teresa, el Tel\u00e9fono de la Esperanza, el Equipo Regional de Transplantes, Protecci\u00f3n Civil de Lorca, o el Colectivo La Huertecica.<\/p>\n<p>Este a\u00f1o, coincidiendo con el aniversario, el premio ha reca\u00eddo en AFAL, Asociaci\u00f3n de Familiares y Amigos de enfermos de Alzheimer de Cartagena y comarca.<\/p>\n<p>Con motivo de la conmemoraci\u00f3n, el IES Ben Arab\u00ed ha organizado una exposici\u00f3n de los carteles que han acompa\u00f1ado cada una de las ediciones y que, realizados por diversos artistas, constituyen en s\u00ed mismos una colecci\u00f3n de manifestaciones art\u00edsticas que incluye la pintura, la fotograf\u00eda o el dise\u00f1o gr\u00e1fico.<\/p>\n<p>Para respaldar la ya ampl\u00eda trayectoria de esta iniciativa, asistieron al acto de entrega del premio, que tuvo lugar el 14 de febrero en el Auditorio del Conservatorio, el Subdirector de Atenci\u00f3n a la Diversidad de la Consejer\u00eda de Educaci\u00f3n, Guillermo Insa y la Alcaldesa de Cartagena, Ana Bel\u00e9n Castej\u00f3n, que fue la encargada de hacer entrega del trofeo a la Presidenta de AFAL, Mar\u00eda Jes\u00fas Reguero. Finalmente, el antiguo director del IES Ben Arab\u00ed, Xavier Mart\u00ednez, rememor\u00f3 los inicios y la evoluci\u00f3n del Premio, homenajeando a todos los responsables que han hecho posible mantener esta iniciativa. El acto fue amenizado con piezas musicales a cargo alumnos del Centro.<!--more--><\/p>\n<div id='gallery-1' class='gallery galleryid-5605 gallery-columns-4 gallery-size-thumbnail'><figure class='gallery-item'>\n\t\t\t<div class='gallery-icon landscape'>\n\t\t\t\t<a href='https:\/\/www.benarabi.org\/?attachment_id=5607'><img loading=\"lazy\" decoding=\"async\" width=\"141\" height=\"141\" src=\"https:\/\/www.benarabi.org\/wp-content\/uploads\/2018\/02\/img8-150x150.jpg\" class=\"attachment-thumbnail size-thumbnail\" alt=\"\" \/><\/a>\n\t\t\t<\/div><\/figure><figure class='gallery-item'>\n\t\t\t<div class='gallery-icon landscape'>\n\t\t\t\t<a href='https:\/\/www.benarabi.org\/?attachment_id=5608'><img loading=\"lazy\" decoding=\"async\" width=\"141\" height=\"141\" src=\"https:\/\/www.benarabi.org\/wp-content\/uploads\/2018\/02\/img6-150x150.jpg\" class=\"attachment-thumbnail size-thumbnail\" alt=\"\" \/><\/a>\n\t\t\t<\/div><\/figure><figure class='gallery-item'>\n\t\t\t<div class='gallery-icon landscape'>\n\t\t\t\t<a href='https:\/\/www.benarabi.org\/?attachment_id=5609'><img loading=\"lazy\" decoding=\"async\" width=\"141\" height=\"141\" src=\"https:\/\/www.benarabi.org\/wp-content\/uploads\/2018\/02\/img7-1-150x150.jpg\" class=\"attachment-thumbnail size-thumbnail\" alt=\"\" \/><\/a>\n\t\t\t<\/div><\/figure><figure class='gallery-item'>\n\t\t\t<div class='gallery-icon landscape'>\n\t\t\t\t<a href='https:\/\/www.benarabi.org\/?attachment_id=5610'><img loading=\"lazy\" decoding=\"async\" width=\"141\" height=\"141\" src=\"https:\/\/www.benarabi.org\/wp-content\/uploads\/2018\/02\/img6-1-150x150.jpg\" class=\"attachment-thumbnail size-thumbnail\" alt=\"\" \/><\/a>\n\t\t\t<\/div><\/figure><figure class='gallery-item'>\n\t\t\t<div class='gallery-icon landscape'>\n\t\t\t\t<a href='https:\/\/www.benarabi.org\/?attachment_id=5611'><img loading=\"lazy\" decoding=\"async\" width=\"141\" height=\"141\" src=\"https:\/\/www.benarabi.org\/wp-content\/uploads\/2018\/02\/img9-150x150.jpg\" class=\"attachment-thumbnail size-thumbnail\" alt=\"\" \/><\/a>\n\t\t\t<\/div><\/figure><figure class='gallery-item'>\n\t\t\t<div class='gallery-icon landscape'>\n\t\t\t\t<a href='https:\/\/www.benarabi.org\/?attachment_id=5612'><img loading=\"lazy\" decoding=\"async\" width=\"141\" height=\"141\" src=\"https:\/\/www.benarabi.org\/wp-content\/uploads\/2018\/02\/img5-150x150.jpg\" class=\"attachment-thumbnail size-thumbnail\" alt=\"\" \/><\/a>\n\t\t\t<\/div><\/figure><figure class='gallery-item'>\n\t\t\t<div class='gallery-icon landscape'>\n\t\t\t\t<a href='https:\/\/www.benarabi.org\/?attachment_id=5613'><img loading=\"lazy\" decoding=\"async\" width=\"141\" height=\"141\" src=\"https:\/\/www.benarabi.org\/wp-content\/uploads\/2018\/02\/img4-150x150.jpg\" class=\"attachment-thumbnail size-thumbnail\" alt=\"\" \/><\/a>\n\t\t\t<\/div><\/figure><figure class='gallery-item'>\n\t\t\t<div class='gallery-icon landscape'>\n\t\t\t\t<a href='https:\/\/www.benarabi.org\/?attachment_id=5614'><img loading=\"lazy\" decoding=\"async\" width=\"141\" height=\"141\" src=\"https:\/\/www.benarabi.org\/wp-content\/uploads\/2018\/02\/img3-150x150.jpg\" class=\"attachment-thumbnail size-thumbnail\" alt=\"\" \/><\/a>\n\t\t\t<\/div><\/figure><figure class='gallery-item'>\n\t\t\t<div class='gallery-icon landscape'>\n\t\t\t\t<a href='https:\/\/www.benarabi.org\/?attachment_id=5616'><img loading=\"lazy\" decoding=\"async\" width=\"141\" height=\"141\" src=\"https:\/\/www.benarabi.org\/wp-content\/uploads\/2018\/02\/img2-150x150.jpg\" class=\"attachment-thumbnail size-thumbnail\" alt=\"\" \/><\/a>\n\t\t\t<\/div><\/figure><figure class='gallery-item'>\n\t\t\t<div class='gallery-icon landscape'>\n\t\t\t\t<a href='https:\/\/www.benarabi.org\/?attachment_id=5617'><img loading=\"lazy\" decoding=\"async\" width=\"141\" height=\"141\" src=\"https:\/\/www.benarabi.org\/wp-content\/uploads\/2018\/02\/img1-150x150.jpg\" class=\"attachment-thumbnail size-thumbnail\" alt=\"\" \/><\/a>\n\t\t\t<\/div><\/figure><figure class='gallery-item'>\n\t\t\t<div class='gallery-icon landscape'>\n\t\t\t\t<a href='https:\/\/www.benarabi.org\/?attachment_id=5618'><img loading=\"lazy\" decoding=\"async\" width=\"141\" height=\"141\" src=\"https:\/\/www.benarabi.org\/wp-content\/uploads\/2018\/02\/img7-150x150.jpg\" class=\"attachment-thumbnail size-thumbnail\" alt=\"\" \/><\/a>\n\t\t\t<\/div><\/figure>\n\t\t<\/div>\n\n","protected":false},"excerpt":{"rendered":"<p>El Premio Jacinto Alcaraz Mellado, a la convivencia, solidaridad y tolerancia, celebra su vig\u00e9simo aniversario. Este galard\u00f3n de \u00e1mbito regional, creado por el IES Ben Arab\u00ed de Cartagena, ha destacado durante estas dos d\u00e9cadas la labor que realizan asociaciones, organismos y personas en diferentes \u00e1mbitos de la sociedad, pero siempre en beneficio de los m\u00e1s [&hellip;]<\/p>\n","protected":false},"author":1,"featured_media":0,"comment_status":"closed","ping_status":"open","sticky":false,"template":"","format":"standard","meta":{"footnotes":""},"categories":[1],"tags":[],"class_list":["post-5605","post","type-post","status-publish","format-standard","hentry","category-sin-categoria"],"_links":{"self":[{"href":"https:\/\/www.benarabi.org\/index.php?rest_route=\/wp\/v2\/posts\/5605","targetHints":{"allow":["GET"]}}],"collection":[{"href":"https:\/\/www.benarabi.org\/index.php?rest_route=\/wp\/v2\/posts"}],"about":[{"href":"https:\/\/www.benarabi.org\/index.php?rest_route=\/wp\/v2\/types\/post"}],"author":[{"embeddable":true,"href":"https:\/\/www.benarabi.org\/index.php?rest_route=\/wp\/v2\/users\/1"}],"replies":[{"embeddable":true,"href":"https:\/\/www.benarabi.org\/index.php?rest_route=%2Fwp%2Fv2%2Fcomments&post=5605"}],"version-history":[{"count":8,"href":"https:\/\/www.benarabi.org\/index.php?rest_route=\/wp\/v2\/posts\/5605\/revisions"}],"predecessor-version":[{"id":5652,"href":"https:\/\/www.benarabi.org\/index.php?rest_route=\/wp\/v2\/posts\/5605\/revisions\/5652"}],"wp:attachment":[{"href":"https:\/\/www.benarabi.org\/index.php?rest_route=%2Fwp%2Fv2%2Fmedia&parent=5605"}],"wp:term":[{"taxonomy":"category","embeddable":true,"href":"https:\/\/www.benarabi.org\/index.php?rest_route=%2Fwp%2Fv2%2Fcategories&post=5605"},{"taxonomy":"post_tag","embeddable":true,"href":"https:\/\/www.benarabi.org\/index.php?rest_route=%2Fwp%2Fv2%2Ftags&post=5605"}],"curies":[{"name":"wp","href":"https:\/\/api.w.org\/{rel}","templated":true}]}}