{"id":5629,"date":"2018-02-27T11:55:24","date_gmt":"2018-02-27T10:55:24","guid":{"rendered":"http:\/\/www.benarabi.org\/?p=5629"},"modified":"2018-03-01T11:25:55","modified_gmt":"2018-03-01T10:25:55","slug":"i-certamen-literario-viento-del-pueblo","status":"publish","type":"post","link":"https:\/\/www.benarabi.org\/?p=5629","title":{"rendered":"I Certamen Literario \u201cViento del Pueblo\u201d"},"content":{"rendered":"<p class=\"western\" align=\"justify\"><a href=\"http:\/\/www.benarabi.org\/wp-content\/uploads\/2018\/02\/0001.jpg\"><img loading=\"lazy\" decoding=\"async\" class=\"alignleft wp-image-5632 size-full\" src=\"http:\/\/www.benarabi.org\/wp-content\/uploads\/2018\/02\/0001-e1519728912312.jpg\" alt=\"\" width=\"150\" height=\"212\"><\/a>Se convoca el primer certamen literario \u00abViento del Pueblo\u00bb, que organiza el \u00abAula Miguel Hern\u00e1ndez\u00bb en colaboraci\u00f3n con los IES Mediterr\u00e1neo y&nbsp; Ben Arab\u00ed, y la Fundaci\u00f3n Cultural \u00abMiguel Hern\u00e1ndez\u00bb.<\/p>\n<p>Este nuevo certamen es fruto de la uni\u00f3n de dos concursos literarios que, previamente, hab\u00edan acogido nuestros respectivos Centros. Ahora se a\u00fanan esfuerzos y experiencias para impulsar este nuevo proyecto.<\/p>\n<p>Aqu\u00ed ten\u00e9is el <a href=\"https:\/\/sites.google.com\/murciaeduca.es\/i-certamen-literario-viento-de\/p%C3%A1gina-principal\">v\u00ednculo<\/a> para acceder al blog del concurso y en el que, pr\u00f3ximamente, se incluir\u00e1n noticias, textos y otras informaciones de inter\u00e9s.<u><\/u><\/p>\n<p>Si quieres ver las bases del certamen, <a href=\"http:\/\/www.benarabi.org\/wp-content\/uploads\/2018\/02\/Bases-I-Certamen-Literario-Viento-del-pueblo.pdf\">pincha aqu\u00ed<\/a>.<\/p>\n<p>Si quieres ver el cartel, <a href=\"http:\/\/www.benarabi.org\/wp-content\/uploads\/2018\/02\/Cartel-I-Certamen-literario-Viento-Del-Pueblo-v.2.pdf\">pincha aqu\u00ed<\/a>.<\/p>\n","protected":false},"excerpt":{"rendered":"<p>Se convoca el primer certamen literario \u00abViento del Pueblo\u00bb, que organiza el \u00abAula Miguel Hern\u00e1ndez\u00bb en colaboraci\u00f3n con los IES Mediterr\u00e1neo y&nbsp; Ben Arab\u00ed, y la Fundaci\u00f3n Cultural \u00abMiguel Hern\u00e1ndez\u00bb. Este nuevo certamen es fruto de la uni\u00f3n de dos concursos literarios que, previamente, hab\u00edan acogido nuestros respectivos Centros. Ahora se a\u00fanan esfuerzos y experiencias [&hellip;]<\/p>\n","protected":false},"author":1,"featured_media":0,"comment_status":"closed","ping_status":"open","sticky":false,"template":"","format":"standard","meta":{"footnotes":""},"categories":[1],"tags":[],"class_list":["post-5629","post","type-post","status-publish","format-standard","hentry","category-sin-categoria"],"_links":{"self":[{"href":"https:\/\/www.benarabi.org\/index.php?rest_route=\/wp\/v2\/posts\/5629","targetHints":{"allow":["GET"]}}],"collection":[{"href":"https:\/\/www.benarabi.org\/index.php?rest_route=\/wp\/v2\/posts"}],"about":[{"href":"https:\/\/www.benarabi.org\/index.php?rest_route=\/wp\/v2\/types\/post"}],"author":[{"embeddable":true,"href":"https:\/\/www.benarabi.org\/index.php?rest_route=\/wp\/v2\/users\/1"}],"replies":[{"embeddable":true,"href":"https:\/\/www.benarabi.org\/index.php?rest_route=%2Fwp%2Fv2%2Fcomments&post=5629"}],"version-history":[{"count":11,"href":"https:\/\/www.benarabi.org\/index.php?rest_route=\/wp\/v2\/posts\/5629\/revisions"}],"predecessor-version":[{"id":5651,"href":"https:\/\/www.benarabi.org\/index.php?rest_route=\/wp\/v2\/posts\/5629\/revisions\/5651"}],"wp:attachment":[{"href":"https:\/\/www.benarabi.org\/index.php?rest_route=%2Fwp%2Fv2%2Fmedia&parent=5629"}],"wp:term":[{"taxonomy":"category","embeddable":true,"href":"https:\/\/www.benarabi.org\/index.php?rest_route=%2Fwp%2Fv2%2Fcategories&post=5629"},{"taxonomy":"post_tag","embeddable":true,"href":"https:\/\/www.benarabi.org\/index.php?rest_route=%2Fwp%2Fv2%2Ftags&post=5629"}],"curies":[{"name":"wp","href":"https:\/\/api.w.org\/{rel}","templated":true}]}}