{"id":5643,"date":"2018-02-28T18:42:05","date_gmt":"2018-02-28T17:42:05","guid":{"rendered":"http:\/\/www.benarabi.org\/?p=5643"},"modified":"2018-03-01T11:11:39","modified_gmt":"2018-03-01T10:11:39","slug":"convocatoria-de-la-xxi-edicion-del-premio-jacinto-alcaraz-mellado","status":"publish","type":"post","link":"https:\/\/www.benarabi.org\/?p=5643","title":{"rendered":"Convocatoria de la XXI Edici\u00f3n del \u201cPremio Jacinto Alcaraz Mellado\u201d"},"content":{"rendered":"<p><a href=\"http:\/\/www.benarabi.org\/wp-content\/uploads\/2018\/02\/cartel-jacinto-alcaraz-mellado-2018.jpg\"><img loading=\"lazy\" decoding=\"async\" class=\"alignleft wp-image-5644 size-full\" src=\"http:\/\/www.benarabi.org\/wp-content\/uploads\/2018\/02\/cartel-jacinto-alcaraz-mellado-2018-e1519839688789.jpg\" alt=\"\" width=\"150\" height=\"210\"><\/a>El IES Ben Arab\u00ed convoca la XXI Edici\u00f3n del \u201cPremio Jacinto Alcaraz Mellado\u201d.<\/p>\n<p>El plazo de presentaci\u00f3n de candidaturas comprende del 1 de marzo al 25 de mayo de 2018.<\/p>\n<p>Cualquier miembro de la comunidad educativa puede proponer a aquellas personas o instituciones que se hayan distinguido por su trabajo a favor de la solidaridad, la tolerancia y la convivencia. Las propuestas ser\u00e1n dentro del \u00e1mbito de la Regi\u00f3n de Murcia, a t\u00edtulo individual o colectivo.<\/p>\n<p>El nuevo cartel para la XXI Edici\u00f3n ha sido dise\u00f1ado por Carmen M. Ortiz G\u00f3ngora, profesora de Dibujo de nuestro centro.<\/p>\n<p>Si quieres ver las bases del premio, <a href=\"http:\/\/www.benarabi.org\/wp-content\/uploads\/2018\/02\/Bases_XXI_convocatoria.pdf\">pincha aqu\u00ed<\/a>.<\/p>\n<p>Si quieres ver la informaci\u00f3n completa y detallada del Premio Jacinto Alcaraz Mellado, <a href=\"https:\/\/sites.google.com\/a\/murciaeduca.es\/premio-jacinto-alcaraz-mellado\/\">pincha aqu\u00ed<\/a>.<\/p>\n","protected":false},"excerpt":{"rendered":"<p>El IES Ben Arab\u00ed convoca la XXI Edici\u00f3n del \u201cPremio Jacinto Alcaraz Mellado\u201d. El plazo de presentaci\u00f3n de candidaturas comprende del 1 de marzo al 25 de mayo de 2018. Cualquier miembro de la comunidad educativa puede proponer a aquellas personas o instituciones que se hayan distinguido por su trabajo a favor de la solidaridad, [&hellip;]<\/p>\n","protected":false},"author":1,"featured_media":0,"comment_status":"closed","ping_status":"open","sticky":false,"template":"","format":"standard","meta":{"footnotes":""},"categories":[1],"tags":[],"class_list":["post-5643","post","type-post","status-publish","format-standard","hentry","category-sin-categoria"],"_links":{"self":[{"href":"https:\/\/www.benarabi.org\/index.php?rest_route=\/wp\/v2\/posts\/5643","targetHints":{"allow":["GET"]}}],"collection":[{"href":"https:\/\/www.benarabi.org\/index.php?rest_route=\/wp\/v2\/posts"}],"about":[{"href":"https:\/\/www.benarabi.org\/index.php?rest_route=\/wp\/v2\/types\/post"}],"author":[{"embeddable":true,"href":"https:\/\/www.benarabi.org\/index.php?rest_route=\/wp\/v2\/users\/1"}],"replies":[{"embeddable":true,"href":"https:\/\/www.benarabi.org\/index.php?rest_route=%2Fwp%2Fv2%2Fcomments&post=5643"}],"version-history":[{"count":3,"href":"https:\/\/www.benarabi.org\/index.php?rest_route=\/wp\/v2\/posts\/5643\/revisions"}],"predecessor-version":[{"id":5650,"href":"https:\/\/www.benarabi.org\/index.php?rest_route=\/wp\/v2\/posts\/5643\/revisions\/5650"}],"wp:attachment":[{"href":"https:\/\/www.benarabi.org\/index.php?rest_route=%2Fwp%2Fv2%2Fmedia&parent=5643"}],"wp:term":[{"taxonomy":"category","embeddable":true,"href":"https:\/\/www.benarabi.org\/index.php?rest_route=%2Fwp%2Fv2%2Fcategories&post=5643"},{"taxonomy":"post_tag","embeddable":true,"href":"https:\/\/www.benarabi.org\/index.php?rest_route=%2Fwp%2Fv2%2Ftags&post=5643"}],"curies":[{"name":"wp","href":"https:\/\/api.w.org\/{rel}","templated":true}]}}