{"id":5672,"date":"2018-04-04T10:41:58","date_gmt":"2018-04-04T08:41:58","guid":{"rendered":"http:\/\/www.benarabi.org\/?p=5672"},"modified":"2018-04-04T10:43:31","modified_gmt":"2018-04-04T08:43:31","slug":"entrega-de-los-premios-extraordinarios-de-educacion-secundaria-obligatoria-2016-17","status":"publish","type":"post","link":"https:\/\/www.benarabi.org\/?p=5672","title":{"rendered":"Entrega de los Premios Extraordinarios de Educaci\u00f3n Secundaria Obligatoria 2016-17."},"content":{"rendered":"<p><a href=\"http:\/\/www.benarabi.org\/wp-content\/uploads\/2018\/04\/90815-20180322-premios-eso-bachiller-1.jpg\"><img loading=\"lazy\" decoding=\"async\" class=\"alignleft wp-image-5675 size-full\" src=\"http:\/\/www.benarabi.org\/wp-content\/uploads\/2018\/04\/90815-20180322-premios-eso-bachiller-1-e1522831395655.jpg\" alt=\"\" width=\"150\" height=\"113\"><\/a>El jueves, 22 de marzo de 2018, tres alumnos del IES Ben Arab\u00ed recibieron, junto con el resto de galardonados de la Regi\u00f3n, de manos de la Secretaria General de Educaci\u00f3n, sus Premios Extraordinarios de ESO.<\/p>\n<p>El acto tuvo lugar en el Auditorio del Centro Cultural \u201cPuertas de Castilla\u201d de Murcia, y supuso una oportunidad para el reconocimiento de estos alumnos que han destacado por sus excelentes resultados acad\u00e9micos, en presencia de las principales responsables de la administraci\u00f3n educativa, representantes de los centros educativos, y familiares de los premiados.<\/p>\n<p>Adem\u00e1s del diploma, a los alumnos de Secundaria se les entreg\u00f3, un ejemplar de una edici\u00f3n ilustrada del \u201cEl Principito\u201d.<\/p>\n<p>Los alumnos del IES Ben Arab\u00ed que recibieron esta alta distinci\u00f3n son <strong>Sergio Arques Iv\u00e1\u00f1ez, Alberto Arques Iv\u00e1\u00f1ez y Mar\u00eda S\u00e1nchez Escudero<\/strong>. Al acto asisti\u00f3, en representaci\u00f3n del Centro, D. Jos\u00e9 Antonio Arias Garc\u00eda.&nbsp;<\/p>\n","protected":false},"excerpt":{"rendered":"<p>El jueves, 22 de marzo de 2018, tres alumnos del IES Ben Arab\u00ed recibieron, junto con el resto de galardonados de la Regi\u00f3n, de manos de la Secretaria General de Educaci\u00f3n, sus Premios Extraordinarios de ESO. El acto tuvo lugar en el Auditorio del Centro Cultural \u201cPuertas de Castilla\u201d de Murcia, y supuso una oportunidad [&hellip;]<\/p>\n","protected":false},"author":1,"featured_media":0,"comment_status":"closed","ping_status":"open","sticky":false,"template":"","format":"standard","meta":{"footnotes":""},"categories":[1],"tags":[],"class_list":["post-5672","post","type-post","status-publish","format-standard","hentry","category-sin-categoria"],"_links":{"self":[{"href":"https:\/\/www.benarabi.org\/index.php?rest_route=\/wp\/v2\/posts\/5672","targetHints":{"allow":["GET"]}}],"collection":[{"href":"https:\/\/www.benarabi.org\/index.php?rest_route=\/wp\/v2\/posts"}],"about":[{"href":"https:\/\/www.benarabi.org\/index.php?rest_route=\/wp\/v2\/types\/post"}],"author":[{"embeddable":true,"href":"https:\/\/www.benarabi.org\/index.php?rest_route=\/wp\/v2\/users\/1"}],"replies":[{"embeddable":true,"href":"https:\/\/www.benarabi.org\/index.php?rest_route=%2Fwp%2Fv2%2Fcomments&post=5672"}],"version-history":[{"count":3,"href":"https:\/\/www.benarabi.org\/index.php?rest_route=\/wp\/v2\/posts\/5672\/revisions"}],"predecessor-version":[{"id":5677,"href":"https:\/\/www.benarabi.org\/index.php?rest_route=\/wp\/v2\/posts\/5672\/revisions\/5677"}],"wp:attachment":[{"href":"https:\/\/www.benarabi.org\/index.php?rest_route=%2Fwp%2Fv2%2Fmedia&parent=5672"}],"wp:term":[{"taxonomy":"category","embeddable":true,"href":"https:\/\/www.benarabi.org\/index.php?rest_route=%2Fwp%2Fv2%2Fcategories&post=5672"},{"taxonomy":"post_tag","embeddable":true,"href":"https:\/\/www.benarabi.org\/index.php?rest_route=%2Fwp%2Fv2%2Ftags&post=5672"}],"curies":[{"name":"wp","href":"https:\/\/api.w.org\/{rel}","templated":true}]}}