{"id":5680,"date":"2018-04-13T11:52:14","date_gmt":"2018-04-13T09:52:14","guid":{"rendered":"http:\/\/www.benarabi.org\/?p=5680"},"modified":"2018-04-13T11:53:29","modified_gmt":"2018-04-13T09:53:29","slug":"vii-semana-de-la-musica-y-la-danza","status":"publish","type":"post","link":"https:\/\/www.benarabi.org\/?p=5680","title":{"rendered":"VII Semana de la M\u00fasica y la Danza"},"content":{"rendered":"<p><a href=\"http:\/\/www.benarabi.org\/wp-content\/uploads\/2018\/04\/MUSICA-_DANZA.jpg\"><img loading=\"lazy\" decoding=\"async\" class=\"alignleft wp-image-5681 size-full\" src=\"http:\/\/www.benarabi.org\/wp-content\/uploads\/2018\/04\/MUSICA-_DANZA-e1523613059482.jpg\" alt=\"\" width=\"150\" height=\"127\"><\/a>El pr\u00f3ximo martes, 17 de abril comienza la <strong>VII<\/strong> <strong>Semana<\/strong><strong> de la M\u00fasica y la Danza del IES Ben Arab\u00ed<\/strong><strong>&nbsp;<\/strong>que en esta ocasi\u00f3n con<br \/>\ntar\u00e1 con 2 d\u00edas de actuaciones musicales y de danza a cargo de alumnos del centro. Las actuaciones tendr\u00e1n lugar en el patio central del instituto y podr\u00e1 disfrutar de ellas toda la comunidad educativa. Esta iniciativa est\u00e1 organizada por el Departamento de M\u00fasica con la colaboraci\u00f3n del Departamento de Actividades Complementarias. Este a\u00f1os participan en la misma, como coordinares de las actividades profesores del Departamento de Educaci\u00f3n F\u00edsica.<\/p>\n<p>Para m\u00e1s informaci\u00f3n sobre horario y actuaciones, puedes ver el <a href=\"http:\/\/www.benarabi.org\/wp-content\/uploads\/2018\/04\/VII-SEMANA-DE-LA-M\u00daSICA-Y-LA-DANZA-2018-IES-BEN-ARAB\u00cd-revisado.pdf\">d\u00edptico<\/a>.<\/p>\n","protected":false},"excerpt":{"rendered":"<p>El pr\u00f3ximo martes, 17 de abril comienza la VII Semana de la M\u00fasica y la Danza del IES Ben Arab\u00ed&nbsp;que en esta ocasi\u00f3n con tar\u00e1 con 2 d\u00edas de actuaciones musicales y de danza a cargo de alumnos del centro. Las actuaciones tendr\u00e1n lugar en el patio central del instituto y podr\u00e1 disfrutar de ellas [&hellip;]<\/p>\n","protected":false},"author":1,"featured_media":0,"comment_status":"closed","ping_status":"open","sticky":false,"template":"","format":"standard","meta":{"footnotes":""},"categories":[1],"tags":[],"class_list":["post-5680","post","type-post","status-publish","format-standard","hentry","category-sin-categoria"],"_links":{"self":[{"href":"https:\/\/www.benarabi.org\/index.php?rest_route=\/wp\/v2\/posts\/5680","targetHints":{"allow":["GET"]}}],"collection":[{"href":"https:\/\/www.benarabi.org\/index.php?rest_route=\/wp\/v2\/posts"}],"about":[{"href":"https:\/\/www.benarabi.org\/index.php?rest_route=\/wp\/v2\/types\/post"}],"author":[{"embeddable":true,"href":"https:\/\/www.benarabi.org\/index.php?rest_route=\/wp\/v2\/users\/1"}],"replies":[{"embeddable":true,"href":"https:\/\/www.benarabi.org\/index.php?rest_route=%2Fwp%2Fv2%2Fcomments&post=5680"}],"version-history":[{"count":3,"href":"https:\/\/www.benarabi.org\/index.php?rest_route=\/wp\/v2\/posts\/5680\/revisions"}],"predecessor-version":[{"id":5685,"href":"https:\/\/www.benarabi.org\/index.php?rest_route=\/wp\/v2\/posts\/5680\/revisions\/5685"}],"wp:attachment":[{"href":"https:\/\/www.benarabi.org\/index.php?rest_route=%2Fwp%2Fv2%2Fmedia&parent=5680"}],"wp:term":[{"taxonomy":"category","embeddable":true,"href":"https:\/\/www.benarabi.org\/index.php?rest_route=%2Fwp%2Fv2%2Fcategories&post=5680"},{"taxonomy":"post_tag","embeddable":true,"href":"https:\/\/www.benarabi.org\/index.php?rest_route=%2Fwp%2Fv2%2Ftags&post=5680"}],"curies":[{"name":"wp","href":"https:\/\/api.w.org\/{rel}","templated":true}]}}