{"id":5709,"date":"2018-04-24T11:01:59","date_gmt":"2018-04-24T09:01:59","guid":{"rendered":"http:\/\/www.benarabi.org\/?p=5709"},"modified":"2018-04-24T11:01:59","modified_gmt":"2018-04-24T09:01:59","slug":"ganadores-de-la-final-del-campeonato-de-habilidad-matematica-factoritron","status":"publish","type":"post","link":"https:\/\/www.benarabi.org\/?p=5709","title":{"rendered":"Ganadores de la Final del Campeonato de Habilidad Matem\u00e1tica FACTORITR\u00d3N"},"content":{"rendered":"<p><a href=\"http:\/\/www.benarabi.org\/wp-content\/uploads\/2018\/04\/factoritron1.jpg\"><img loading=\"lazy\" decoding=\"async\" class=\"alignleft size-thumbnail wp-image-5710\" src=\"http:\/\/www.benarabi.org\/wp-content\/uploads\/2018\/04\/factoritron1-150x150.jpg\" alt=\"\" width=\"150\" height=\"150\"><\/a>Los alumnos, Olivia Manresa Rodr\u00edguez del grupo E2F y&nbsp; Bruno Escobar Barrio del grupo E2C han sido los ganadores de la Final del Campeonato de Habilidad Matem\u00e1tica FACTORITR\u00d3N, que organiz\u00f3 el IES. Sierra Minera dentro de su XI Semana Matem\u00e1tica, del 9 al 13 de abril en el Antiguo Mercado P\u00fablico de La Uni\u00f3n.<\/p>\n<p>Cada centro participa con una pareja de alumnos representantes.<\/p>\n<p>El objetivo del concurso es fomentar y desarrollar el c\u00e1lculo mental, especialmente la factorizaci\u00f3n de n\u00fameros, de una forma amena y divertida.<!--more--><\/p>\n<p>El acto de inauguraci\u00f3n&nbsp; tuvo lugar en el Antiguo Mercado P\u00fablico a las 10:30 horas y cont\u00f3 con la presencia del Alcalde de La Uni\u00f3n, D. Pedro L\u00f3pez Mil\u00e1n y el Director<br \/>\nGeneral de Formaci\u00f3n Profesional y Ense\u00f1anzas de R\u00e9gimen Especial D. Sergio<br \/>\nL\u00f3pez Barrancos.<\/p>\n<p>La actividad consisti\u00f3 en un gran juego matem\u00e1tico, donde el alumnado<br \/>\nten\u00eda que realizar una serie de pruebas por las que obtienen una puntuaci\u00f3n en<br \/>\ncada una de ellas, resultando ganador el grupo que obtenga mayor valoraci\u00f3n.<\/p>\n<p>En esta Edici\u00f3n han solicitado su participaci\u00f3n m\u00e1s de 40 centros escolares<br \/>\nde primaria y secundaria de toda la Regi\u00f3n. Ser\u00e1n aproximadamente unos 2.500 alumnos los que participen este a\u00f1o en la Semana Matem\u00e1tica.<\/p>\n<p>El proyecto de Semana Matem\u00e1tica surge en el curso 1999\/2000 teniendo como eje vertebrador y transversal la asignatura de Matem\u00e1ticas.<\/p>\n<p>Se trata de un m\u00e9todo de trabajo de car\u00e1cter interdisciplinar para acercar de manera l\u00fadica y divertida las Matem\u00e1ticas a los alumnos, aprendiendo a aplicarlas a la realidad de nuestra vida cotidiana.<\/p>\n<p>Los objetivos que se pretenden conseguir y que est\u00e1n dirigidos al conjunto del alumnado son los siguientes:<\/p>\n<p>Descubrir que las Matem\u00e1ticas, adem\u00e1s de estar en las pizarras y en los<br \/>\nlibros, se encuentran en otros muchos lugares de nuestro entorno m\u00e1s<br \/>\ncotidiano.<\/p>\n<p>Mostrar las conexiones matem\u00e1ticas entres las distintas \u00e1reas del curr\u00edculo.<br \/>\nRomper con la idea de ver las matem\u00e1ticas como una tarea compleja, dif\u00edcil de aprender y ense\u00f1ar.<\/p>\n<p>Desarrollar el gusto por las matem\u00e1ticas y despertar el inter\u00e9s del alumnado por la materia.<\/p>\n<p>Transformar el concepto tradicional de ense\u00f1anza basado en la adquisici\u00f3n<br \/>\nde conocimientos en un concepto moderno de aprendizaje basado en la capacidad de resolver situaciones.<\/p>\n","protected":false},"excerpt":{"rendered":"<p>Los alumnos, Olivia Manresa Rodr\u00edguez del grupo E2F y&nbsp; Bruno Escobar Barrio del grupo E2C han sido los ganadores de la Final del Campeonato de Habilidad Matem\u00e1tica FACTORITR\u00d3N, que organiz\u00f3 el IES. Sierra Minera dentro de su XI Semana Matem\u00e1tica, del 9 al 13 de abril en el Antiguo Mercado P\u00fablico de La Uni\u00f3n. Cada [&hellip;]<\/p>\n","protected":false},"author":1,"featured_media":0,"comment_status":"closed","ping_status":"open","sticky":false,"template":"","format":"standard","meta":{"footnotes":""},"categories":[1],"tags":[],"class_list":["post-5709","post","type-post","status-publish","format-standard","hentry","category-sin-categoria"],"_links":{"self":[{"href":"https:\/\/www.benarabi.org\/index.php?rest_route=\/wp\/v2\/posts\/5709","targetHints":{"allow":["GET"]}}],"collection":[{"href":"https:\/\/www.benarabi.org\/index.php?rest_route=\/wp\/v2\/posts"}],"about":[{"href":"https:\/\/www.benarabi.org\/index.php?rest_route=\/wp\/v2\/types\/post"}],"author":[{"embeddable":true,"href":"https:\/\/www.benarabi.org\/index.php?rest_route=\/wp\/v2\/users\/1"}],"replies":[{"embeddable":true,"href":"https:\/\/www.benarabi.org\/index.php?rest_route=%2Fwp%2Fv2%2Fcomments&post=5709"}],"version-history":[{"count":1,"href":"https:\/\/www.benarabi.org\/index.php?rest_route=\/wp\/v2\/posts\/5709\/revisions"}],"predecessor-version":[{"id":5711,"href":"https:\/\/www.benarabi.org\/index.php?rest_route=\/wp\/v2\/posts\/5709\/revisions\/5711"}],"wp:attachment":[{"href":"https:\/\/www.benarabi.org\/index.php?rest_route=%2Fwp%2Fv2%2Fmedia&parent=5709"}],"wp:term":[{"taxonomy":"category","embeddable":true,"href":"https:\/\/www.benarabi.org\/index.php?rest_route=%2Fwp%2Fv2%2Fcategories&post=5709"},{"taxonomy":"post_tag","embeddable":true,"href":"https:\/\/www.benarabi.org\/index.php?rest_route=%2Fwp%2Fv2%2Ftags&post=5709"}],"curies":[{"name":"wp","href":"https:\/\/api.w.org\/{rel}","templated":true}]}}