{"id":5713,"date":"2018-04-25T10:28:44","date_gmt":"2018-04-25T08:28:44","guid":{"rendered":"http:\/\/www.benarabi.org\/?p=5713"},"modified":"2018-04-25T10:28:44","modified_gmt":"2018-04-25T08:28:44","slug":"visita-cultural-a-caravaca-de-la-cruz-y-calasparra-2","status":"publish","type":"post","link":"https:\/\/www.benarabi.org\/?p=5713","title":{"rendered":"Visita cultural a Caravaca de la Cruz y Calasparra"},"content":{"rendered":"<p class=\"s3\"><span class=\"s2\"><span class=\"bumpedFont15\"><a href=\"http:\/\/www.benarabi.org\/wp-content\/uploads\/2018\/04\/ADB7F2C4-AFD0-4EA3-8DBB-DE6C46F0ABC5.jpeg\"><img loading=\"lazy\" decoding=\"async\" class=\"alignleft size-thumbnail wp-image-5714\" src=\"http:\/\/www.benarabi.org\/wp-content\/uploads\/2018\/04\/ADB7F2C4-AFD0-4EA3-8DBB-DE6C46F0ABC5-150x150.jpeg\" alt=\"\" width=\"150\" height=\"150\"><\/a>L<\/span><\/span><span class=\"s2\"><span class=\"bumpedFont15\">os alumno<\/span><\/span><span class=\"s2\"><span class=\"bumpedFont15\">s de 2\u00ba ESO estuvieron<\/span><\/span><span class=\"s2\"><span class=\"bumpedFont15\">,<\/span><\/span><span class=\"s2\"><span class=\"bumpedFont15\"> el d\u00eda 12<\/span><\/span><span class=\"s2\"><span class=\"bumpedFont15\"> de abril<\/span><\/span><span class=\"s2\"><span class=\"bumpedFont15\">,<\/span><\/span><span class=\"s2\"><span class=\"bumpedFont15\">realizan<\/span><\/span><span class=\"s2\"><span class=\"bumpedFont15\">do una actividad complementaria<\/span><\/span><span class=\"s2\"><span class=\"bumpedFont15\">, <\/span><\/span><span class=\"s2\"><span class=\"bumpedFont15\">con los objetivos de analizar y valorar las manifestaciones art\u00edsticas religiosas como expresiones de la fe del hombre dentro de su entorno geogr\u00e1fico; conocer el desarrollo de la religiosidad popular en diversos lugares de la regi\u00f3n; desarrollar el sentido cr\u00edtico antes las diferentes manifestaciones; tomar contacto real y cercano con la naturaleza; descubrir la riqueza que supone la convivencia, la amistad y el compartir; analizar el mensaje predominante en las fiestas, devociones y pr\u00e1cticas religiosas del entorno a visitar; actitud receptora ante el hecho religioso en general y ante el hecho cristiano, as\u00ed como ante cualquier manifestaci\u00f3n humana de la b\u00fasqueda de sentido y aprecio de los valores humanos expresados en los ritos, en los signos y en los testimonios religiosos.<\/span><\/span><!--more--><\/p>\n<p class=\"s3\"><span class=\"s2\"><span class=\"bumpedFont15\">El d\u00eda lo comenzamos <\/span><\/span><span class=\"s2\"><span class=\"bumpedFont15\">en <\/span><\/span><span class=\"s2\"><span class=\"bumpedFont15\">el paraje natural de <\/span><\/span><span class=\"s4\"><span class=\"bumpedFont15\">Las Fuentes del Marqu\u00e9s<\/span><\/span><span class=\"s2\"><span class=\"bumpedFont15\">. Este paraje esta situado a 2 kil\u00f3metros del casco urbano en direcci\u00f3n oeste.&nbsp;Todo el parque est\u00e1 surcado por pistas y caminos que facilitan el acceso y la visita y disfrute de este precioso paraje, alguno de los cuales sirve de puerta a otras pistas forestales que se internan en los barrancos de la Sierra del Gavil\u00e1n (Barranco del Nevazo y Barranco del Agua).<\/span><\/span><\/p>\n<p class=\"s3\"><span class=\"s2\"><span class=\"bumpedFont15\">A continuaci\u00f3n nos dirigimos al<\/span><\/span><span class=\"s5\"><span class=\"bumpedFont15\">&nbsp;<\/span><\/span><span class=\"s6\"><span class=\"bumpedFont15\">Santuario de la Vera Cruz<\/span><\/span><span class=\"s5\"><span class=\"bumpedFont15\">&nbsp;<\/span><\/span><span class=\"s2\"><span class=\"bumpedFont15\">de Caravaca. Se encuentra situado en la cima de un mont\u00edculo amurallado, visible desde puntos distantes del enclave urbano, erigi\u00e9ndose en un lugar excepcional y un enclave de referencia. Constituye el n\u00facleo m\u00e1s importante de la ciudad por su significado hist\u00f3rico, cultural y religioso. A la explanada del Santuario se accede desde la Cuesta del Castillo.<\/span><\/span><\/p>\n<p class=\"s3\"><span class=\"s2\"><span class=\"bumpedFont15\">El castillo se remodelar\u00e1 durante el siglo XVII para albergar el Santuario. El templo actual fue erigido a partir de 1617, sobre la base del primitivo de la Vera Cruz, siendo el autor de la traza el arquitecto carmelita Fray Alberto de la Madre de Dios. Las obras dieron comienzo el&nbsp;16 de julio.<\/span><\/span><\/p>\n<p class=\"s3\"><span class=\"s2\"><span class=\"bumpedFont15\">El basti\u00f3n m\u00e1s moderno, la muralla, est\u00e1 datado en los inicios del siglo XIX, coincidiendo con la Guerra de la independencia.<\/span><\/span><\/p>\n<p class=\"s3\"><span class=\"s2\"><span class=\"bumpedFont15\">El 18 de marzo de 1944 es declarado Monumento Hist\u00f3rico Nacional.<\/span><\/span><\/p>\n<p class=\"s3\"><span class=\"s2\"><span class=\"bumpedFont15\">El Santuario, edificado en el siglo XVII en el interior de la antigua fortaleza medieval levantada por los musulmanes, tiene entrada por una puerta situada en la muralla que mira hacia poniente. Esta, recientemente restaurada, es de planta irregular y rodea el recinto, conservando catorce baluartes y torreones de \u00e9poca medieval, el m\u00e1s elevado de los cuales se halla en la parte Este y se conoce con el nombre de \u2018Torre Chacona\u2019.<\/span><\/span><\/p>\n<p class=\"s3\"><span class=\"s2\"><span class=\"bumpedFont15\">El Museo de la Vera Cruz est\u00e1 ubicado en la tradicional Casa del Capell\u00e1n, en el Santuario de la Vera Cruz, y se compone de tres salas dedicadas a la historia de la Sagrada Reliquia, al ajuar lit\u00fargico y a la arqueolog\u00eda del Santuario. Su colecci\u00f3n b\u00e1sica procede del antiguo Museo de Arte Sacro e Historia de la Vera Cruz.<\/span><\/span><\/p>\n<p class=\"s3\"><span class=\"s2\"><span class=\"bumpedFont15\">En el s\u00f3tano del museo encontramos restos arqueol\u00f3gicos de las murallas, torres y mazmorra del antiguo castillo medieval que existi\u00f3 bajo la actual iglesia y museo. Tambi\u00e9n se ha recuperado el foso de la Guerra de la Independencia, los grandes aljibes medievales, y la torre de las Toscas, donde se ubica la Oficina de Atenci\u00f3n al Peregrino.<\/span><\/span><\/p>\n<p class=\"s3\"><span class=\"s7\"><span class=\"bumpedFont15\">Seguidamente <\/span><\/span><span class=\"s7\"><span class=\"bumpedFont15\">nos dirigimos a<\/span><\/span><span class=\"s7\"><span class=\"bumpedFont15\">l<\/span><\/span><span class=\"s6\"><span class=\"bumpedFont15\"> San<\/span><\/span><span class=\"s6\"><span class=\"bumpedFont15\">tuario de Nuestra Se\u00f1ora de la E<\/span><\/span><span class=\"s6\"><span class=\"bumpedFont15\">speranza (Calasparra).<\/span><\/span><span class=\"s5\"><span class=\"bumpedFont15\">&nbsp;<\/span><\/span><span class=\"s2\"><span class=\"bumpedFont15\">Los primeros datos escritos del Santuario de la Virgen de la Esperanza datan del siglo XVII, si bien existen fundamentos para pensar que la Virgen es venerada desde mucho antes.<\/span><\/span><\/p>\n<p class=\"s3\"><span class=\"s2\"><span class=\"bumpedFont15\">Cuenta la leyenda que un pastor que guardaba su ganado en estas cuevas, excavadas por las aguas del r\u00edo, encontr\u00f3 la imagen&nbsp; \u201cLa Peque\u00f1ica\u201d, seguramente olvidada por alg\u00fan caballero cristiano. El pastor comunic\u00f3 de su valioso hallazgo a las autoridades eclesi\u00e1sticas y civiles de Calasparra, que con los habitantes del pueblo vinieron alborozadas y quisieron llevarse la imagen para ser venerada en el pueblo. Dice la leyenda que la Virgen se hizo tan pesada para su tama\u00f1o, que todos comprendieron que era aqu\u00ed, en la cueva, donde deseaba ser venerada, y decidieron, por tanto, acondicionarla.<\/span><\/span><\/p>\n<p class=\"s3\"><span class=\"s2\"><span class=\"bumpedFont15\">El porqu\u00e9 y cu\u00e1ndo se coloc\u00f3 junto a la Virgen de la Esperanza (La Grande) la \u201cPeque\u00f1ica\u201d (La Aparecida), no se sabe con exactitud, pero s\u00ed se conoce que en el a\u00f1o 1786 ya se veneraban juntas, y que en 1840,&nbsp; fue nombrada la primera patrona de Calasparra.<\/span><\/span><\/p>\n<p class=\"s3\"><span class=\"s2\"><span class=\"bumpedFont15\">Despu\u00e9s de una buena comida y un merecido descanso vuelta a casa.<\/span><\/span><\/p>\n<p class=\"s3\">&nbsp;<\/p>\n<p class=\"s8\"><span class=\"s2\"><span class=\"bumpedFont15\">Armando Meca Solano<\/span><\/span><\/p>\n<p class=\"s8\"><span class=\"s2\"><span class=\"bumpedFont15\">Profesor de Religi\u00f3n<\/span><\/span><\/p>\n","protected":false},"excerpt":{"rendered":"<p>Los alumnos de 2\u00ba ESO estuvieron, el d\u00eda 12 de abril,realizando una actividad complementaria, con los objetivos de analizar y valorar las manifestaciones art\u00edsticas religiosas como expresiones de la fe del hombre dentro de su entorno geogr\u00e1fico; conocer el desarrollo de la religiosidad popular en diversos lugares de la regi\u00f3n; desarrollar el sentido cr\u00edtico antes [&hellip;]<\/p>\n","protected":false},"author":1,"featured_media":0,"comment_status":"closed","ping_status":"open","sticky":false,"template":"","format":"standard","meta":{"footnotes":""},"categories":[1],"tags":[],"class_list":["post-5713","post","type-post","status-publish","format-standard","hentry","category-sin-categoria"],"_links":{"self":[{"href":"https:\/\/www.benarabi.org\/index.php?rest_route=\/wp\/v2\/posts\/5713","targetHints":{"allow":["GET"]}}],"collection":[{"href":"https:\/\/www.benarabi.org\/index.php?rest_route=\/wp\/v2\/posts"}],"about":[{"href":"https:\/\/www.benarabi.org\/index.php?rest_route=\/wp\/v2\/types\/post"}],"author":[{"embeddable":true,"href":"https:\/\/www.benarabi.org\/index.php?rest_route=\/wp\/v2\/users\/1"}],"replies":[{"embeddable":true,"href":"https:\/\/www.benarabi.org\/index.php?rest_route=%2Fwp%2Fv2%2Fcomments&post=5713"}],"version-history":[{"count":1,"href":"https:\/\/www.benarabi.org\/index.php?rest_route=\/wp\/v2\/posts\/5713\/revisions"}],"predecessor-version":[{"id":5715,"href":"https:\/\/www.benarabi.org\/index.php?rest_route=\/wp\/v2\/posts\/5713\/revisions\/5715"}],"wp:attachment":[{"href":"https:\/\/www.benarabi.org\/index.php?rest_route=%2Fwp%2Fv2%2Fmedia&parent=5713"}],"wp:term":[{"taxonomy":"category","embeddable":true,"href":"https:\/\/www.benarabi.org\/index.php?rest_route=%2Fwp%2Fv2%2Fcategories&post=5713"},{"taxonomy":"post_tag","embeddable":true,"href":"https:\/\/www.benarabi.org\/index.php?rest_route=%2Fwp%2Fv2%2Ftags&post=5713"}],"curies":[{"name":"wp","href":"https:\/\/api.w.org\/{rel}","templated":true}]}}