{"id":5717,"date":"2018-04-26T12:56:03","date_gmt":"2018-04-26T10:56:03","guid":{"rendered":"http:\/\/www.benarabi.org\/?p=5717"},"modified":"2018-04-26T12:56:03","modified_gmt":"2018-04-26T10:56:03","slug":"alumnas-del-ies-ben-arabi-representan-la-obra-de-teatro-malas","status":"publish","type":"post","link":"https:\/\/www.benarabi.org\/?p=5717","title":{"rendered":"Alumnas del IES Ben Arab\u00ed representan la obra de teatro \u201cMalas\u201d."},"content":{"rendered":"<p><a href=\"http:\/\/www.benarabi.org\/wp-content\/uploads\/2018\/04\/IMAGEN_OBRA_MALAS.jpg\"><img loading=\"lazy\" decoding=\"async\" class=\"alignleft wp-image-5719 size-full\" src=\"http:\/\/www.benarabi.org\/wp-content\/uploads\/2018\/04\/IMAGEN_OBRA_MALAS-e1524740147879.jpg\" alt=\"\" width=\"150\" height=\"204\"><\/a>Un grupo de alumnas de 2\u00ba de Bachillerato del IES Ben Arab\u00ed representar\u00e1n el pr\u00f3ximo jueves, 17 de mayo, a las 20 horas, en el Centro Cultural Ram\u00f3n Alonso Luzzy de Cartagena la adaptaci\u00f3n teatral de la obra de Miguel Galindo Abell\u00e1n, \u201cMalas\u201d.<\/p>\n<p>Este proyecto se enmarca dentro de las actividades que se llevan a cabo en la asignatura Artes Esc\u00e9nicas, que imparte la profesora Beatriz Villarino&nbsp; Mart\u00ednez.<\/p>\n<p>La obra supone una reflexi\u00f3n sobre seis personajes femeninos de diferentes obras literarias que han sido condenadas a lo largo de la Historia y cuestiona el papel que, a\u00fan hoy, la sociedad otorga a la mujer.<\/p>\n<p>Desde el IES Ben Arab\u00ed, animamos a todos los interesados a asistir a esta prometedora representaci\u00f3n y agradecemos el esfuerzo y la dedicaci\u00f3n de nuestras alumnas y de Beatriz Villarino por extender la experiencia esc\u00e9nica a toda la comunidad educativa y al resto de vecinos del municipio.<\/p>\n<p>La entrada es libre hasta completar el aforo del teatro.<\/p>\n<p>Si quieres ver el d\u00edptico explicativo de la obra, <a href=\"http:\/\/www.benarabi.org\/wp-content\/uploads\/2018\/04\/PROGRAMA_obra-teatro_MALAS.pdf\">pincha aqu\u00ed<\/a>.<\/p>\n","protected":false},"excerpt":{"rendered":"<p>Un grupo de alumnas de 2\u00ba de Bachillerato del IES Ben Arab\u00ed representar\u00e1n el pr\u00f3ximo jueves, 17 de mayo, a las 20 horas, en el Centro Cultural Ram\u00f3n Alonso Luzzy de Cartagena la adaptaci\u00f3n teatral de la obra de Miguel Galindo Abell\u00e1n, \u201cMalas\u201d. Este proyecto se enmarca dentro de las actividades que se llevan a [&hellip;]<\/p>\n","protected":false},"author":1,"featured_media":0,"comment_status":"closed","ping_status":"open","sticky":false,"template":"","format":"standard","meta":{"footnotes":""},"categories":[1],"tags":[],"class_list":["post-5717","post","type-post","status-publish","format-standard","hentry","category-sin-categoria"],"_links":{"self":[{"href":"https:\/\/www.benarabi.org\/index.php?rest_route=\/wp\/v2\/posts\/5717","targetHints":{"allow":["GET"]}}],"collection":[{"href":"https:\/\/www.benarabi.org\/index.php?rest_route=\/wp\/v2\/posts"}],"about":[{"href":"https:\/\/www.benarabi.org\/index.php?rest_route=\/wp\/v2\/types\/post"}],"author":[{"embeddable":true,"href":"https:\/\/www.benarabi.org\/index.php?rest_route=\/wp\/v2\/users\/1"}],"replies":[{"embeddable":true,"href":"https:\/\/www.benarabi.org\/index.php?rest_route=%2Fwp%2Fv2%2Fcomments&post=5717"}],"version-history":[{"count":1,"href":"https:\/\/www.benarabi.org\/index.php?rest_route=\/wp\/v2\/posts\/5717\/revisions"}],"predecessor-version":[{"id":5720,"href":"https:\/\/www.benarabi.org\/index.php?rest_route=\/wp\/v2\/posts\/5717\/revisions\/5720"}],"wp:attachment":[{"href":"https:\/\/www.benarabi.org\/index.php?rest_route=%2Fwp%2Fv2%2Fmedia&parent=5717"}],"wp:term":[{"taxonomy":"category","embeddable":true,"href":"https:\/\/www.benarabi.org\/index.php?rest_route=%2Fwp%2Fv2%2Fcategories&post=5717"},{"taxonomy":"post_tag","embeddable":true,"href":"https:\/\/www.benarabi.org\/index.php?rest_route=%2Fwp%2Fv2%2Ftags&post=5717"}],"curies":[{"name":"wp","href":"https:\/\/api.w.org\/{rel}","templated":true}]}}