{"id":5723,"date":"2018-05-11T13:47:11","date_gmt":"2018-05-11T11:47:11","guid":{"rendered":"http:\/\/www.benarabi.org\/?p=5723"},"modified":"2018-05-22T10:04:58","modified_gmt":"2018-05-22T08:04:58","slug":"pruebas-de-la-evaluacion-de-diagnostico-2o-eso-para-el-curso-escolar-2017-18","status":"publish","type":"post","link":"https:\/\/www.benarabi.org\/?p=5723","title":{"rendered":"Pruebas de la Evaluaci\u00f3n de Diagn\u00f3stico 2\u00ba ESO para el curso escolar 2017-18"},"content":{"rendered":"<p class=\"s4\"><span class=\"s2\"><span class=\"bumpedFont15\"><a href=\"http:\/\/www.benarabi.org\/wp-content\/uploads\/2018\/05\/D7FFEB88-F539-4FD9-A899-0EE4994F3ADE.jpeg\"><img loading=\"lazy\" decoding=\"async\" class=\"alignleft wp-image-5724 size-full\" src=\"http:\/\/www.benarabi.org\/wp-content\/uploads\/2018\/05\/D7FFEB88-F539-4FD9-A899-0EE4994F3ADE-e1526039720219.jpeg\" alt=\"\" width=\"150\" height=\"170\"><\/a>La&nbsp;<\/span><\/span><span class=\"s3\"><span class=\"bumpedFont15\">Evaluaci\u00f3n de Diagn\u00f3stico<\/span><\/span><span class=\"s2\"><span class=\"bumpedFont15\">&nbsp;para el curso escolar 201<\/span><\/span><span class=\"s2\"><span class=\"bumpedFont15\">7-2018<\/span><\/span><span class=\"s2\"><span class=\"bumpedFont15\"> que realizar\u00e1 el alumnado de <\/span><\/span><span class=\"s3\"><span class=\"bumpedFont15\">2\u00ba ESO<\/span><\/span><span class=\"s2\"><span class=\"bumpedFont15\"> tendr\u00e1 lugar <\/span><\/span><span class=\"s2\"><span class=\"bumpedFont15\">durante los d\u00edas <\/span><\/span><span class=\"s3\"><span class=\"bumpedFont15\">lunes <\/span><\/span><span class=\"s3\"><span class=\"bumpedFont15\">2<\/span><\/span><span class=\"s3\"><span class=\"bumpedFont15\">8 <\/span><\/span><span class=\"s3\"><span class=\"bumpedFont15\">y <\/span><\/span><span class=\"s3\"><span class=\"bumpedFont15\">martes 29 de mayo <\/span><\/span><span class=\"s3\"><span class=\"bumpedFont15\">de 201<\/span><\/span><span class=\"s3\"><span class=\"bumpedFont15\">8<\/span><\/span><span class=\"s2\"><span class=\"bumpedFont15\">. Ser\u00e1<\/span><\/span><span class=\"s2\"><span class=\"bumpedFont15\">n<\/span><\/span><span class=\"s2\"><span class=\"bumpedFont15\"> evaluada<\/span><\/span><span class=\"s2\"><span class=\"bumpedFont15\">s<\/span><\/span><span class=\"s2\"><span class=\"bumpedFont15\"> la<\/span><\/span><span class=\"s2\"><span class=\"bumpedFont15\">s<\/span><\/span><span class=\"s2\"><span class=\"bumpedFont15\"> competencia<\/span><\/span><span class=\"s2\"><span class=\"bumpedFont15\">s<\/span><\/span> <span class=\"s2\"><span class=\"bumpedFont15\">en comunicaci\u00f3n ling\u00fc\u00edstica en Lengua C<\/span><\/span><span class=\"s2\"><span class=\"bumpedFont15\">astellana y Literatura y <\/span><\/span><span class=\"s2\"><span class=\"bumpedFont15\">en L<\/span><\/span><span class=\"s2\"><span class=\"bumpedFont15\">engua extranjera: Ingl\u00e9s<\/span><\/span><span class=\"s2\"><span class=\"bumpedFont15\">.<\/span><\/span><\/p>\n<p class=\"s5\"><span class=\"s2\"><span class=\"bumpedFont15\">El Servicio de Evaluaci\u00f3n y Calidad Educativa ha publicado en el portal educativo Educarm (www.educarm.es) el marco te\u00f3rico de la<\/span><\/span><span class=\"s2\"><span class=\"bumpedFont15\">s<\/span><\/span><span class=\"s2\"><span class=\"bumpedFont15\"> competencia<\/span><\/span><span class=\"s2\"><span class=\"bumpedFont15\">s<\/span><\/span><span class=\"s2\"><span class=\"bumpedFont15\"> a evaluar que ha servido de referencia para la elaboraci\u00f3n de la<\/span><\/span><span class=\"s2\"><span class=\"bumpedFont15\">s<\/span><\/span><span class=\"s2\"><span class=\"bumpedFont15\"> prueba<\/span><\/span><span class=\"s2\"><span class=\"bumpedFont15\">s<\/span><\/span><span class=\"s2\"><span class=\"bumpedFont15\">, as\u00ed como los horarios e instrucciones de aplicaci\u00f3n, los materiales de apoyo para la difusi\u00f3n y cuanta informaci\u00f3n se considere necesaria para el normal desarrollo de la aplicaci\u00f3n de las pruebas de la evaluaci<\/span><\/span><span class=\"s2\"><span class=\"bumpedFont15\">\u00f3n de diagn\u00f3stico del curso 2017-2018<\/span><\/span><span class=\"s2\"><span class=\"bumpedFont15\">.<\/span><\/span><\/p>\n<p class=\"s4\"><span class=\"s2\"><span class=\"bumpedFont15\">Si quieres ver el <\/span><\/span><span class=\"s3\"><span class=\"bumpedFont15\">folleto informativo<\/span><\/span><span class=\"s2\"><span class=\"bumpedFont15\"> para las familias,<\/span><\/span><span class=\"s2\"><span class=\"bumpedFont15\">&nbsp;<a href=\"http:\/\/www.benarabi.org\/wp-content\/uploads\/2018\/05\/Folletofamilias2ESODef.pdf\">pincha aqu\u00ed.<\/a><\/span><\/span><\/p>\n<p class=\"s4\"><span class=\"s2\"><span class=\"bumpedFont15\">Si quieres ver el <\/span><\/span><span class=\"s3\"><span class=\"bumpedFont15\">marco te\u00f3rico<\/span><\/span><span class=\"s2\"><span class=\"bumpedFont15\"> de la Eval.<\/span><\/span> <span class=\"s2\"><span class=\"bumpedFont15\">Diagn\u00f3stico de la Competencia ling\u00fc\u00edstica,<\/span><\/span><span class=\"s2\"><span class=\"bumpedFont15\">&nbsp;<a href=\"http:\/\/www.benarabi.org\/wp-content\/uploads\/2018\/05\/Marcoterico2ESO20172018.pdf\">pincha aqu\u00ed.<\/a><\/span><\/span><\/p>\n","protected":false},"excerpt":{"rendered":"<p>La&nbsp;Evaluaci\u00f3n de Diagn\u00f3stico&nbsp;para el curso escolar 2017-2018 que realizar\u00e1 el alumnado de 2\u00ba ESO tendr\u00e1 lugar durante los d\u00edas lunes 28 y martes 29 de mayo de 2018. Ser\u00e1n evaluadas las competencias en comunicaci\u00f3n ling\u00fc\u00edstica en Lengua Castellana y Literatura y en Lengua extranjera: Ingl\u00e9s. El Servicio de Evaluaci\u00f3n y Calidad Educativa ha publicado en [&hellip;]<\/p>\n","protected":false},"author":1,"featured_media":0,"comment_status":"closed","ping_status":"open","sticky":false,"template":"","format":"standard","meta":{"footnotes":""},"categories":[1],"tags":[],"class_list":["post-5723","post","type-post","status-publish","format-standard","hentry","category-sin-categoria"],"_links":{"self":[{"href":"https:\/\/www.benarabi.org\/index.php?rest_route=\/wp\/v2\/posts\/5723","targetHints":{"allow":["GET"]}}],"collection":[{"href":"https:\/\/www.benarabi.org\/index.php?rest_route=\/wp\/v2\/posts"}],"about":[{"href":"https:\/\/www.benarabi.org\/index.php?rest_route=\/wp\/v2\/types\/post"}],"author":[{"embeddable":true,"href":"https:\/\/www.benarabi.org\/index.php?rest_route=\/wp\/v2\/users\/1"}],"replies":[{"embeddable":true,"href":"https:\/\/www.benarabi.org\/index.php?rest_route=%2Fwp%2Fv2%2Fcomments&post=5723"}],"version-history":[{"count":5,"href":"https:\/\/www.benarabi.org\/index.php?rest_route=\/wp\/v2\/posts\/5723\/revisions"}],"predecessor-version":[{"id":5734,"href":"https:\/\/www.benarabi.org\/index.php?rest_route=\/wp\/v2\/posts\/5723\/revisions\/5734"}],"wp:attachment":[{"href":"https:\/\/www.benarabi.org\/index.php?rest_route=%2Fwp%2Fv2%2Fmedia&parent=5723"}],"wp:term":[{"taxonomy":"category","embeddable":true,"href":"https:\/\/www.benarabi.org\/index.php?rest_route=%2Fwp%2Fv2%2Fcategories&post=5723"},{"taxonomy":"post_tag","embeddable":true,"href":"https:\/\/www.benarabi.org\/index.php?rest_route=%2Fwp%2Fv2%2Ftags&post=5723"}],"curies":[{"name":"wp","href":"https:\/\/api.w.org\/{rel}","templated":true}]}}