{"id":5742,"date":"2018-05-15T12:59:47","date_gmt":"2018-05-15T10:59:47","guid":{"rendered":"http:\/\/www.benarabi.org\/?p=5742"},"modified":"2018-06-29T10:11:33","modified_gmt":"2018-06-29T08:11:33","slug":"5742","status":"publish","type":"post","link":"https:\/\/www.benarabi.org\/?p=5742","title":{"rendered":"Nuevo Calendario de matriculaci\u00f3n 2018-19"},"content":{"rendered":"<p><a href=\"http:\/\/www.benarabi.org\/wp-content\/uploads\/2018\/05\/78C4B66F-8C35-46E1-9E57-B70523666DF2-e1526039439425.jpeg\"><img loading=\"lazy\" decoding=\"async\" class=\"alignleft size-full wp-image-5730\" src=\"http:\/\/www.benarabi.org\/wp-content\/uploads\/2018\/05\/78C4B66F-8C35-46E1-9E57-B70523666DF2-e1526039439425.jpeg\" alt=\"\" width=\"150\" height=\"73\"><\/a>Con fecha de martes 15 de mayo, la Direcci\u00f3n General de Planificaci\u00f3n Educativa y Recursos Humanos ha modificado el <strong>calendario de admisi\u00f3n<\/strong> del alumnado de ESO y Bachillerato para el pr\u00f3ximo curso 2018-19, adelantando unos d\u00edas las fechas respecto a las anteriores.<\/p>\n<p>Adem\u00e1s se ha publicado&nbsp;el&nbsp;<strong>calendario de matriculaci\u00f3n<\/strong>&nbsp;para el&nbsp;<strong>curso 2018-19 <\/strong>para <strong>alumnos propios<\/strong> del Centro. Se recuerda que&nbsp;<strong>todo el alumnado<\/strong>&nbsp;del Centro debe realizar la matr\u00edcula para el pr\u00f3ximo curso en las fechas indicadas en dicho calendario. Antes de realizar la matr\u00edcula, los alumnos deber\u00e1n recoger el sobre de matr\u00edcula en la conserjer\u00eda del Centro. (Se pondr\u00e1 un cartel cuando est\u00e9n disponibles).<\/p>\n<p>&nbsp;<\/p>\n<p>Si quieres ver el <strong>NUEVO<\/strong> calendario completo y detallado, <a href=\"http:\/\/www.benarabi.org\/wp-content\/uploads\/2018\/05\/calendario-matriculas-18-19-1.pdf\">pincha aqu\u00ed<\/a>.<\/p>\n","protected":false},"excerpt":{"rendered":"<p>Con fecha de martes 15 de mayo, la Direcci\u00f3n General de Planificaci\u00f3n Educativa y Recursos Humanos ha modificado el calendario de admisi\u00f3n del alumnado de ESO y Bachillerato para el pr\u00f3ximo curso 2018-19, adelantando unos d\u00edas las fechas respecto a las anteriores. Adem\u00e1s se ha publicado&nbsp;el&nbsp;calendario de matriculaci\u00f3n&nbsp;para el&nbsp;curso 2018-19 para alumnos propios del Centro. [&hellip;]<\/p>\n","protected":false},"author":1,"featured_media":0,"comment_status":"closed","ping_status":"open","sticky":false,"template":"","format":"standard","meta":{"footnotes":""},"categories":[1],"tags":[],"class_list":["post-5742","post","type-post","status-publish","format-standard","hentry","category-sin-categoria"],"_links":{"self":[{"href":"https:\/\/www.benarabi.org\/index.php?rest_route=\/wp\/v2\/posts\/5742","targetHints":{"allow":["GET"]}}],"collection":[{"href":"https:\/\/www.benarabi.org\/index.php?rest_route=\/wp\/v2\/posts"}],"about":[{"href":"https:\/\/www.benarabi.org\/index.php?rest_route=\/wp\/v2\/types\/post"}],"author":[{"embeddable":true,"href":"https:\/\/www.benarabi.org\/index.php?rest_route=\/wp\/v2\/users\/1"}],"replies":[{"embeddable":true,"href":"https:\/\/www.benarabi.org\/index.php?rest_route=%2Fwp%2Fv2%2Fcomments&post=5742"}],"version-history":[{"count":2,"href":"https:\/\/www.benarabi.org\/index.php?rest_route=\/wp\/v2\/posts\/5742\/revisions"}],"predecessor-version":[{"id":5745,"href":"https:\/\/www.benarabi.org\/index.php?rest_route=\/wp\/v2\/posts\/5742\/revisions\/5745"}],"wp:attachment":[{"href":"https:\/\/www.benarabi.org\/index.php?rest_route=%2Fwp%2Fv2%2Fmedia&parent=5742"}],"wp:term":[{"taxonomy":"category","embeddable":true,"href":"https:\/\/www.benarabi.org\/index.php?rest_route=%2Fwp%2Fv2%2Fcategories&post=5742"},{"taxonomy":"post_tag","embeddable":true,"href":"https:\/\/www.benarabi.org\/index.php?rest_route=%2Fwp%2Fv2%2Ftags&post=5742"}],"curies":[{"name":"wp","href":"https:\/\/api.w.org\/{rel}","templated":true}]}}