{"id":5748,"date":"2018-05-22T10:03:46","date_gmt":"2018-05-22T08:03:46","guid":{"rendered":"http:\/\/www.benarabi.org\/?p=5748"},"modified":"2018-05-22T10:05:36","modified_gmt":"2018-05-22T08:05:36","slug":"graduacion-de-alumnos-de-2o-bachillerato-viernes-25-de-mayo-de-2018","status":"publish","type":"post","link":"https:\/\/www.benarabi.org\/?p=5748","title":{"rendered":"Graduaci\u00f3n de alumnos de 2\u00ba bachillerato: viernes 25 de mayo de 2018"},"content":{"rendered":"<p><a href=\"http:\/\/www.benarabi.org\/wp-content\/uploads\/2018\/05\/graduacion2018.jpg\"><img loading=\"lazy\" decoding=\"async\" class=\"alignleft wp-image-5750 size-full\" src=\"http:\/\/www.benarabi.org\/wp-content\/uploads\/2018\/05\/graduacion2018-e1526976213103.jpg\" alt=\"\" width=\"150\" height=\"92\"><\/a>Este a\u00f1o, como en cursos anteriores, hemos organizado un acto de graduaci\u00f3n de los alumnos de 2\u00ba de Bachillerato, que finalizan sus estudios en nuestro Centro. Este acto es la despedida a esta promoci\u00f3n que ha permanecido entre nosotros a lo largo de seis a\u00f1os. Durante el mismo, se har\u00e1 entrega a cada alumno de un diploma.<\/p>\n<p>El acto tendr\u00e1 lugar en el hall del Instituto el viernes&nbsp;<strong>25 de mayo a las 19.30 horas.<\/strong>&nbsp;Es un acto abierto, y estar\u00edamos encantados si los padres y familiares de los alumnos estuvieran presentes durante el mismo, para acompa\u00f1ar a sus hijos en este momento tan especial.<\/p>\n<p>Esperamos contar con la presencia de todos los alumnos y sus familiares, as\u00ed como de los profesores que les han acompa\u00f1ado durante estos a\u00f1os en el IES Ben Arab\u00ed.<\/p>\n<p>\u00a1\u00a1Os esperamos a todos!!<\/p>\n<p>Si quieres ver el programa detallado del acto, <a href=\"http:\/\/www.benarabi.org\/wp-content\/uploads\/2018\/05\/PROGRAMA-ACTO-GRADUACI\u00d3N-2018-1.pdf\">pincha aqu\u00ed<\/a>.<\/p>\n<p style=\"text-align: right;\">Rosa Guti\u00e9rrez Aranda<\/p>\n<p style=\"text-align: right;\">Jefa del Dpto. Actividades Complementarias<\/p>\n","protected":false},"excerpt":{"rendered":"<p>Este a\u00f1o, como en cursos anteriores, hemos organizado un acto de graduaci\u00f3n de los alumnos de 2\u00ba de Bachillerato, que finalizan sus estudios en nuestro Centro. Este acto es la despedida a esta promoci\u00f3n que ha permanecido entre nosotros a lo largo de seis a\u00f1os. Durante el mismo, se har\u00e1 entrega a cada alumno de [&hellip;]<\/p>\n","protected":false},"author":1,"featured_media":0,"comment_status":"closed","ping_status":"open","sticky":false,"template":"","format":"standard","meta":{"footnotes":""},"categories":[1],"tags":[],"class_list":["post-5748","post","type-post","status-publish","format-standard","hentry","category-sin-categoria"],"_links":{"self":[{"href":"https:\/\/www.benarabi.org\/index.php?rest_route=\/wp\/v2\/posts\/5748","targetHints":{"allow":["GET"]}}],"collection":[{"href":"https:\/\/www.benarabi.org\/index.php?rest_route=\/wp\/v2\/posts"}],"about":[{"href":"https:\/\/www.benarabi.org\/index.php?rest_route=\/wp\/v2\/types\/post"}],"author":[{"embeddable":true,"href":"https:\/\/www.benarabi.org\/index.php?rest_route=\/wp\/v2\/users\/1"}],"replies":[{"embeddable":true,"href":"https:\/\/www.benarabi.org\/index.php?rest_route=%2Fwp%2Fv2%2Fcomments&post=5748"}],"version-history":[{"count":2,"href":"https:\/\/www.benarabi.org\/index.php?rest_route=\/wp\/v2\/posts\/5748\/revisions"}],"predecessor-version":[{"id":5752,"href":"https:\/\/www.benarabi.org\/index.php?rest_route=\/wp\/v2\/posts\/5748\/revisions\/5752"}],"wp:attachment":[{"href":"https:\/\/www.benarabi.org\/index.php?rest_route=%2Fwp%2Fv2%2Fmedia&parent=5748"}],"wp:term":[{"taxonomy":"category","embeddable":true,"href":"https:\/\/www.benarabi.org\/index.php?rest_route=%2Fwp%2Fv2%2Fcategories&post=5748"},{"taxonomy":"post_tag","embeddable":true,"href":"https:\/\/www.benarabi.org\/index.php?rest_route=%2Fwp%2Fv2%2Ftags&post=5748"}],"curies":[{"name":"wp","href":"https:\/\/api.w.org\/{rel}","templated":true}]}}