{"id":5772,"date":"2018-06-07T12:06:30","date_gmt":"2018-06-07T10:06:30","guid":{"rendered":"http:\/\/www.benarabi.org\/?p=5772"},"modified":"2018-06-07T15:34:19","modified_gmt":"2018-06-07T13:34:19","slug":"entrega-de-premios-del-primer-certamen-literario-viento-del-pueblo","status":"publish","type":"post","link":"https:\/\/www.benarabi.org\/?p=5772","title":{"rendered":"Entrega de premios del Primer Certamen Literario \u201cViento del Pueblo\u201d"},"content":{"rendered":"<p class=\"s5\"><span class=\"s4\"><span class=\"bumpedFont15\"><a href=\"http:\/\/www.benarabi.org\/wp-content\/uploads\/2018\/06\/69B384B2-1573-44BC-AE20-F4BC0A8191A3-e1528365411805.jpeg\"><img loading=\"lazy\" decoding=\"async\" class=\"alignleft size-full wp-image-5771\" src=\"http:\/\/www.benarabi.org\/wp-content\/uploads\/2018\/06\/69B384B2-1573-44BC-AE20-F4BC0A8191A3-e1528365411805.jpeg\" alt=\"\" width=\"150\" height=\"113\"><\/a>El jueves 31 de mayo<\/span><\/span><span class=\"s4\"><span class=\"bumpedFont15\"> tuvo lugar la celebraci\u00f3n del acto de entrega de los premios a los mejores trabajos de poes\u00eda del I Certamen Viento del Pueblo. El proyecto se cre\u00f3 y se dirigi\u00f3 desde los centros IES Mediterr\u00e1neo y Ben Arab\u00ed de Cartagena, con la colaboraci\u00f3n de la Fundaci\u00f3n Cultural Miguel Hern\u00e1ndez. Los premios contemplaban dos modalidades: la categor\u00eda A, enfocada para&nbsp; alumnos de primero, segund<\/span><\/span><span class=\"s4\"><span class=\"bumpedFont15\">o y tercero de ESO; y la categor\u00eda B<\/span><\/span><span class=\"s4\"><span class=\"bumpedFont15\">, ofrecida a alumnos de cuarto de ESO, primero y segundo de Bachillerato. Los premios recayeron en&nbsp; Carlos Rubio Gonz\u00e1lez (segundo de ESO&nbsp; del IES Ben Arab\u00ed)&nbsp; y Carmen Mart\u00ednez Navarro (segundo de Bachillerato del IES Ben Arab\u00ed). Asimismo, se otorgaron dos acc\u00e9sits que fueron para Pedro Andr\u00e9s Cort\u00e9s Mar\u00edn (primero de Bachillerato del IES Vega del<\/span><\/span><span class=\"s4\"><span class=\"bumpedFont15\">&nbsp;<\/span><\/span><span class=\"s4\"><span class=\"bumpedFont15\">T\u00e1der<\/span><\/span><span class=\"s4\"><span class=\"bumpedFont15\">&nbsp;<\/span><\/span><span class=\"s4\"><span class=\"bumpedFont15\">de Molina de Segura) y Javier Pomares<\/span><\/span><span class=\"s4\"><span class=\"bumpedFont15\">&nbsp;<\/span><\/span><span class=\"s4\"><span class=\"bumpedFont15\">Cumbre\u00f1o<\/span><\/span><span class=\"s4\"><span class=\"bumpedFont15\">&nbsp;<\/span><\/span><span class=\"s4\"><span class=\"bumpedFont15\">(segundo de Bachillerato del IES Ca\u00f1ada d<\/span><\/span><span class=\"s4\"><span class=\"bumpedFont15\">e las Eras de Molina de Segura).<\/span><\/span><span class=\"s4\"><span class=\"bumpedFont15\">&nbsp;&nbsp;&nbsp;<\/span><\/span><\/p>\n<p class=\"s5\">&nbsp;<\/p>\n<p class=\"s5\"><span class=\"s4\"><span class=\"bumpedFont15\">Pod\u00e9is leer los poemas premiados en la web del Certamen (<a href=\"https:\/\/sites.google.com\/murciaeduca.es\/i-certamen-literario-viento-de\/p%C3%A1gina-principal?authuser=0%20%5Ct%20_blank\">enlace<\/a>)<\/span><\/span><\/p>\n<p class=\"s5\"><!--more--><\/p>\n<p class=\"s5\"><span class=\"s4\"><span class=\"bumpedFont15\">En el acto participaron los directores de los dos centros organizadores, Josefa Garc\u00eda y Manuel Segura; el concejal del Ayuntamiento de Cartagena, David Mart\u00ednez Noguera; Aitor<\/span><\/span><span class=\"s4\"><span class=\"bumpedFont15\">&nbsp;<\/span><\/span><span class=\"s4\"><span class=\"bumpedFont15\">Larrabide, presidente de la Fundaci\u00f3n Miguel Hern\u00e1ndez de Orihuela; la poeta afincada en Cartagena,<\/span><\/span><span class=\"s4\"><span class=\"bumpedFont15\">&nbsp;<\/span><\/span><span class=\"s4\"><span class=\"bumpedFont15\">Jeannine<\/span><\/span><span class=\"s4\"><span class=\"bumpedFont15\">&nbsp;<\/span><\/span><span class=\"s4\"><span class=\"bumpedFont15\">Alcaraz,&nbsp; y los jefes de departamento de Lengua Castellana y Literatura de ambos centros, Ascensi\u00f3n Mart\u00ednez y Enrique Pineda. Adem\u00e1s, estuvo presente el profesor de Historia del IES Ben Arab\u00ed y cronista oficial de Cartagena, Francisco Jos\u00e9 Franco.&nbsp;<\/span><\/span><\/p>\n<p class=\"s5\"><span class=\"s4\"><span class=\"bumpedFont15\">La ma\u00f1ana fue muy emotiva, tanto por la sensibilidad recogida y expresada por los participantes en sus poes\u00edas, como por la lectura y declamaci\u00f3n de los poemas \u201cEleg\u00eda\u201d o \u201cNanas de la cebolla\u201d del poeta cabrero. Por otro lado, cabe decir que la calidad de los trabajos presentados ha sido alta y que se espera que se mantenga en ediciones posteriores.<\/span><\/span><\/p>\n","protected":false},"excerpt":{"rendered":"<p>El jueves 31 de mayo tuvo lugar la celebraci\u00f3n del acto de entrega de los premios a los mejores trabajos de poes\u00eda del I Certamen Viento del Pueblo. El proyecto se cre\u00f3 y se dirigi\u00f3 desde los centros IES Mediterr\u00e1neo y Ben Arab\u00ed de Cartagena, con la colaboraci\u00f3n de la Fundaci\u00f3n Cultural Miguel Hern\u00e1ndez. Los [&hellip;]<\/p>\n","protected":false},"author":1,"featured_media":0,"comment_status":"closed","ping_status":"open","sticky":false,"template":"","format":"standard","meta":{"footnotes":""},"categories":[1],"tags":[],"class_list":["post-5772","post","type-post","status-publish","format-standard","hentry","category-sin-categoria"],"_links":{"self":[{"href":"https:\/\/www.benarabi.org\/index.php?rest_route=\/wp\/v2\/posts\/5772","targetHints":{"allow":["GET"]}}],"collection":[{"href":"https:\/\/www.benarabi.org\/index.php?rest_route=\/wp\/v2\/posts"}],"about":[{"href":"https:\/\/www.benarabi.org\/index.php?rest_route=\/wp\/v2\/types\/post"}],"author":[{"embeddable":true,"href":"https:\/\/www.benarabi.org\/index.php?rest_route=\/wp\/v2\/users\/1"}],"replies":[{"embeddable":true,"href":"https:\/\/www.benarabi.org\/index.php?rest_route=%2Fwp%2Fv2%2Fcomments&post=5772"}],"version-history":[{"count":4,"href":"https:\/\/www.benarabi.org\/index.php?rest_route=\/wp\/v2\/posts\/5772\/revisions"}],"predecessor-version":[{"id":5776,"href":"https:\/\/www.benarabi.org\/index.php?rest_route=\/wp\/v2\/posts\/5772\/revisions\/5776"}],"wp:attachment":[{"href":"https:\/\/www.benarabi.org\/index.php?rest_route=%2Fwp%2Fv2%2Fmedia&parent=5772"}],"wp:term":[{"taxonomy":"category","embeddable":true,"href":"https:\/\/www.benarabi.org\/index.php?rest_route=%2Fwp%2Fv2%2Fcategories&post=5772"},{"taxonomy":"post_tag","embeddable":true,"href":"https:\/\/www.benarabi.org\/index.php?rest_route=%2Fwp%2Fv2%2Ftags&post=5772"}],"curies":[{"name":"wp","href":"https:\/\/api.w.org\/{rel}","templated":true}]}}