{"id":5824,"date":"2018-06-18T10:29:46","date_gmt":"2018-06-18T08:29:46","guid":{"rendered":"http:\/\/www.benarabi.org\/?p=5824"},"modified":"2018-06-18T10:30:30","modified_gmt":"2018-06-18T08:30:30","slug":"5824","status":"publish","type":"post","link":"https:\/\/www.benarabi.org\/?p=5824","title":{"rendered":"Graduaci\u00f3n alumnos de 4\u00ba ESO"},"content":{"rendered":"<p><a href=\"http:\/\/www.benarabi.org\/wp-content\/uploads\/2018\/06\/15398139-graduacion-de-la-tapa-en-la-pila-de-libros-y-diploma.jpg\"><img loading=\"lazy\" decoding=\"async\" class=\"alignleft size-thumbnail wp-image-5826\" src=\"http:\/\/www.benarabi.org\/wp-content\/uploads\/2018\/06\/15398139-graduacion-de-la-tapa-en-la-pila-de-libros-y-diploma-150x150.jpg\" alt=\"\" width=\"150\" height=\"150\" srcset=\"https:\/\/www.benarabi.org\/wp-content\/uploads\/2018\/06\/15398139-graduacion-de-la-tapa-en-la-pila-de-libros-y-diploma-150x150.jpg 150w, https:\/\/www.benarabi.org\/wp-content\/uploads\/2018\/06\/15398139-graduacion-de-la-tapa-en-la-pila-de-libros-y-diploma-300x300.jpg 300w, https:\/\/www.benarabi.org\/wp-content\/uploads\/2018\/06\/15398139-graduacion-de-la-tapa-en-la-pila-de-libros-y-diploma-768x768.jpg 768w, https:\/\/www.benarabi.org\/wp-content\/uploads\/2018\/06\/15398139-graduacion-de-la-tapa-en-la-pila-de-libros-y-diploma-1024x1024.jpg 1024w, https:\/\/www.benarabi.org\/wp-content\/uploads\/2018\/06\/15398139-graduacion-de-la-tapa-en-la-pila-de-libros-y-diploma.jpg 1200w\" sizes=\"auto, (max-width: 150px) 100vw, 150px\" \/><\/a>El lunes 18 de junio tendr\u00e1 lugar el acto de graduaci\u00f3n de los alumnos de 4\u00ba ESO en el sal\u00f3n de actos del Conservatorio de M\u00fasica.<\/p>\n<p>Con este acto se quiere celebrar la finalizaci\u00f3n de una etapa muy importante en la formaci\u00f3n de nuestros alumnos.<\/p>\n<p>Contar\u00e1 con la entrega de diplomas por parte de los tutores, proyecci\u00f3n de un montaje de video con fotos de su paso por el instituto a lo largo de estos 4 a\u00f1os, actuaciones musicales,&#8230;<\/p>\n<p>Si quieres ver el programa completo, <a href=\"http:\/\/www.benarabi.org\/wp-content\/uploads\/2018\/06\/PROGRAMA-ACTO-GRADUACI\u00d3N-.2018-2.docx\">pincha aqu\u00ed<\/a>.<\/p>\n","protected":false},"excerpt":{"rendered":"<p>El lunes 18 de junio tendr\u00e1 lugar el acto de graduaci\u00f3n de los alumnos de 4\u00ba ESO en el sal\u00f3n de actos del Conservatorio de M\u00fasica. Con este acto se quiere celebrar la finalizaci\u00f3n de una etapa muy importante en la formaci\u00f3n de nuestros alumnos. Contar\u00e1 con la entrega de diplomas por parte de los [&hellip;]<\/p>\n","protected":false},"author":1,"featured_media":0,"comment_status":"closed","ping_status":"open","sticky":false,"template":"","format":"standard","meta":{"footnotes":""},"categories":[1],"tags":[],"class_list":["post-5824","post","type-post","status-publish","format-standard","hentry","category-sin-categoria"],"_links":{"self":[{"href":"https:\/\/www.benarabi.org\/index.php?rest_route=\/wp\/v2\/posts\/5824","targetHints":{"allow":["GET"]}}],"collection":[{"href":"https:\/\/www.benarabi.org\/index.php?rest_route=\/wp\/v2\/posts"}],"about":[{"href":"https:\/\/www.benarabi.org\/index.php?rest_route=\/wp\/v2\/types\/post"}],"author":[{"embeddable":true,"href":"https:\/\/www.benarabi.org\/index.php?rest_route=\/wp\/v2\/users\/1"}],"replies":[{"embeddable":true,"href":"https:\/\/www.benarabi.org\/index.php?rest_route=%2Fwp%2Fv2%2Fcomments&post=5824"}],"version-history":[{"count":3,"href":"https:\/\/www.benarabi.org\/index.php?rest_route=\/wp\/v2\/posts\/5824\/revisions"}],"predecessor-version":[{"id":5829,"href":"https:\/\/www.benarabi.org\/index.php?rest_route=\/wp\/v2\/posts\/5824\/revisions\/5829"}],"wp:attachment":[{"href":"https:\/\/www.benarabi.org\/index.php?rest_route=%2Fwp%2Fv2%2Fmedia&parent=5824"}],"wp:term":[{"taxonomy":"category","embeddable":true,"href":"https:\/\/www.benarabi.org\/index.php?rest_route=%2Fwp%2Fv2%2Fcategories&post=5824"},{"taxonomy":"post_tag","embeddable":true,"href":"https:\/\/www.benarabi.org\/index.php?rest_route=%2Fwp%2Fv2%2Ftags&post=5824"}],"curies":[{"name":"wp","href":"https:\/\/api.w.org\/{rel}","templated":true}]}}