{"id":5830,"date":"2018-06-19T13:20:58","date_gmt":"2018-06-19T11:20:58","guid":{"rendered":"http:\/\/www.benarabi.org\/?p=5830"},"modified":"2018-06-19T13:20:58","modified_gmt":"2018-06-19T11:20:58","slug":"ganadoras-del-tercer-premio-de-la-iii-edicion-del-concurso-cartagena-ciudad-transparente-2018","status":"publish","type":"post","link":"https:\/\/www.benarabi.org\/?p=5830","title":{"rendered":"Ganadoras del tercer premio de la III Edici\u00f3n del Concurso: Cartagena, Ciudad Transparente 2018"},"content":{"rendered":"<p style=\"text-align: left;\"><a href=\"http:\/\/www.benarabi.org\/wp-content\/uploads\/2018\/06\/foto_principal1.jpg\"><img loading=\"lazy\" decoding=\"async\" class=\"wp-image-5832 size-full alignleft\" src=\"http:\/\/www.benarabi.org\/wp-content\/uploads\/2018\/06\/foto_principal1-e1529406995345.jpg\" alt=\"\" width=\"150\" height=\"93\"><\/a><\/p>\n<p class=\"s4\" style=\"text-align: left;\"><span class=\"s2\"><span class=\"bumpedFont15\">Nuestras <\/span><\/span><span class=\"s2\"><span class=\"bumpedFont15\">alumnas <\/span><\/span><span class=\"s2\"><span class=\"bumpedFont15\">de Secundaria, <\/span><\/span><span class=\"s3\"><span class=\"bumpedFont15\">Nerea Garc\u00eda Benedicto y Nerea P\u00e9rez Inoa<\/span><\/span><span class=\"s2\"><span class=\"bumpedFont15\">,<\/span><\/span><span class=\"s2\"><span class=\"bumpedFont15\"> del grupo <\/span><\/span><span class=\"s3\"><span class=\"bumpedFont15\">E2C <\/span><\/span><span class=\"s2\"><span class=\"bumpedFont15\">han sido <\/span><\/span><span class=\"s2\"><span class=\"bumpedFont15\">las <\/span><\/span><span class=\"s2\"><span class=\"bumpedFont15\">ganadoras del tercer premio de<\/span><\/span><span class=\"s2\"><span class=\"bumpedFont15\"> la <\/span><\/span><span class=\"s2\"><span class=\"bumpedFont15\">III Edici\u00f3n <\/span><\/span><span class=\"s2\"><span class=\"bumpedFont15\">del Concurso Cartagena, Ciudad Transparente 2018.<\/span><\/span><\/p>\n<p class=\"s4\"><span class=\"s2\"><span class=\"bumpedFont15\">El pasado <\/span><\/span><span class=\"s3\"><span class=\"bumpedFont15\">lunes 18 de junio<\/span><\/span><span class=\"s2\"><span class=\"bumpedFont15\"> hicieron la<\/span><\/span><span class=\"s2\"><span class=\"bumpedFont15\"> entrega del premio la t\u00e9cnico <\/span><\/span><span class=\"s2\"><span class=\"bumpedFont15\">de transparencia<\/span><\/span><span class=\"s2\"><span class=\"bumpedFont15\"> del Ayuntamiento de Cartagena, <\/span><\/span><span class=\"s3\"><span class=\"bumpedFont15\">D\u00aa M\u00aa Jos\u00e9 Prieto<\/span><\/span> <span class=\"s2\"><span class=\"bumpedFont15\">y<\/span><\/span> <span class=\"s2\"><span class=\"bumpedFont15\">el asesor t\u00e9cnico<\/span><\/span><span class=\"s3\"><span class=\"bumpedFont15\">,<\/span><\/span><span class=\"s3\"><span class=\"bumpedFont15\"> Juan Hern\u00e1ndez.<\/span><\/span><\/p>\n<p class=\"s4\"><span class=\"s5\"><span class=\"bumpedFont15\">Adem\u00e1s, se ha distinguido a los centros educativos que han participado en el concurso con el<\/span><\/span><span class=\"s5\"><span class=\"bumpedFont15\">&nbsp;<\/span><\/span><span class=\"s6\"><span class=\"bumpedFont15\">sello &#8216;Centro comprometido con la transparencia&#8217;<\/span><\/span><span class=\"s7\"><span class=\"bumpedFont15\">, un distintivo para destacar su compromiso y voluntad<\/span><\/span><span class=\"s5\"><span class=\"bumpedFont15\">&nbsp;<\/span><\/span><span class=\"s5\"><span class=\"bumpedFont15\">con la difusi\u00f3n de la cultura de la transparencia.<\/span><\/span><!--more--><\/p>\n<p class=\"s4\"><span class=\"s5\"><span class=\"bumpedFont15\">El concurso est\u00e1 organizado por el<\/span><\/span><span class=\"s5\"><span class=\"bumpedFont15\">&nbsp;<\/span><\/span><span class=\"s7\"><span class=\"bumpedFont15\">Ayuntamiento de Cartagena a trav\u00e9s de la Concejal\u00eda del \u00c1rea de Desarrollo Sostenible y Funci\u00f3n P\u00fablica<\/span><\/span><span class=\"s5\"><span class=\"bumpedFont15\">&nbsp;<\/span><\/span><span class=\"s5\"><span class=\"bumpedFont15\">y se ha contado con la colaboraci\u00f3n de la<\/span><\/span><span class=\"s5\"><span class=\"bumpedFont15\">&nbsp;<\/span><\/span><span class=\"s7\"><span class=\"bumpedFont15\">Concejal\u00eda de Juventud,<\/span><\/span><span class=\"s5\"><span class=\"bumpedFont15\">&nbsp;<\/span><\/span><span class=\"s5\"><span class=\"bumpedFont15\">a trav\u00e9s de los <\/span><\/span><span class=\"s7\"><span class=\"bumpedFont15\">Corresponsales Juveniles.<\/span><\/span><span class=\"s5\"><span class=\"bumpedFont15\">&nbsp;En \u00e9l han participado<\/span><\/span><span class=\"s5\"><span class=\"bumpedFont15\">&nbsp;<\/span><\/span><span class=\"s7\"><span class=\"bumpedFont15\">j\u00f3venes de los centros de educaci\u00f3n secundaria de todo el municipio.<\/span><\/span><\/p>\n<p class=\"s4\"><span class=\"s5\"><span class=\"bumpedFont15\">El concurso distingue con sus premios a tres grupos de alumnos de secundaria que han presentado<\/span><\/span><span class=\"s5\"><span class=\"bumpedFont15\">&nbsp;<\/span><\/span><span class=\"s7\"><span class=\"bumpedFont15\">trabajos, en formato digital o papel,<\/span><\/span><span class=\"s5\"><span class=\"bumpedFont15\">&nbsp;<\/span><\/span><span class=\"s5\"><span class=\"bumpedFont15\">sin l\u00edmite de espacio o duraci\u00f3n, sobre transparencia. Los trabajos se han realizado en equipo, de un m\u00e1ximo de 5 persona, y han consistido<\/span><\/span><span class=\"s5\"><span class=\"bumpedFont15\">&nbsp;<\/span><\/span><span class=\"s7\"><span class=\"bumpedFont15\">en investigaciones, v\u00eddeos, relatos<\/span><\/span><span class=\"s5\"><span class=\"bumpedFont15\">&nbsp;<\/span><\/span><span class=\"s5\"><span class=\"bumpedFont15\">o cualquier otro trabajo<\/span><\/span><span class=\"s5\"><span class=\"bumpedFont15\">&nbsp;<\/span><\/span><span class=\"s7\"><span class=\"bumpedFont15\">sobre la importancia de la Transparencia de la Administraci\u00f3n en democracia<\/span><\/span><span class=\"s8\"><span class=\"bumpedFont15\">.<\/span><\/span><\/p>\n<p class=\"s4\"><span class=\"s5\"><span class=\"bumpedFont15\">Los premios para cada miembro del equipo han sido:<\/span><\/span><span class=\"s5\"><span class=\"bumpedFont15\">&nbsp;<\/span><\/span><span class=\"s7\"><span class=\"bumpedFont15\">c\u00e1maras deportivas tipo Gopro<\/span><\/span><span class=\"s5\"><span class=\"bumpedFont15\">, para los primeros clasificados;<\/span><\/span><span class=\"s5\"><span class=\"bumpedFont15\">&nbsp;<\/span><\/span><span class=\"s7\"><span class=\"bumpedFont15\">gafas de realidad virtual para Smartphones<\/span><\/span><span class=\"s5\"><span class=\"bumpedFont15\">, para los segundos; y<\/span><\/span><span class=\"s5\"><span class=\"bumpedFont15\">&nbsp;<\/span><\/span><span class=\"s7\"><span class=\"bumpedFont15\">libros de tem\u00e1tica juvenil,<\/span><\/span><span class=\"s5\"><span class=\"bumpedFont15\">&nbsp;<\/span><\/span><span class=\"s5\"><span class=\"bumpedFont15\">como tercer premio.<\/span><\/span><\/p>\n<div id='gallery-1' class='gallery galleryid-5830 gallery-columns-3 gallery-size-thumbnail'><figure class='gallery-item'>\n\t\t\t<div class='gallery-icon landscape'>\n\t\t\t\t<a href='https:\/\/www.benarabi.org\/?attachment_id=5831'><img loading=\"lazy\" decoding=\"async\" width=\"141\" height=\"141\" src=\"https:\/\/www.benarabi.org\/wp-content\/uploads\/2018\/06\/foto2-150x150.jpg\" class=\"attachment-thumbnail size-thumbnail\" alt=\"\" \/><\/a>\n\t\t\t<\/div><\/figure><figure class='gallery-item'>\n\t\t\t<div class='gallery-icon landscape'>\n\t\t\t\t<a href='https:\/\/www.benarabi.org\/?attachment_id=5832'><img loading=\"lazy\" decoding=\"async\" width=\"141\" height=\"141\" src=\"https:\/\/www.benarabi.org\/wp-content\/uploads\/2018\/06\/foto_principal1-150x150.jpg\" class=\"attachment-thumbnail size-thumbnail\" alt=\"\" \/><\/a>\n\t\t\t<\/div><\/figure>\n\t\t<\/div>\n\n<p>&nbsp;<\/p>\n","protected":false},"excerpt":{"rendered":"<p>Nuestras alumnas de Secundaria, Nerea Garc\u00eda Benedicto y Nerea P\u00e9rez Inoa, del grupo E2C han sido las ganadoras del tercer premio de la III Edici\u00f3n del Concurso Cartagena, Ciudad Transparente 2018. El pasado lunes 18 de junio hicieron la entrega del premio la t\u00e9cnico de transparencia del Ayuntamiento de Cartagena, D\u00aa M\u00aa Jos\u00e9 Prieto y [&hellip;]<\/p>\n","protected":false},"author":1,"featured_media":0,"comment_status":"closed","ping_status":"open","sticky":false,"template":"","format":"standard","meta":{"footnotes":""},"categories":[1],"tags":[],"class_list":["post-5830","post","type-post","status-publish","format-standard","hentry","category-sin-categoria"],"_links":{"self":[{"href":"https:\/\/www.benarabi.org\/index.php?rest_route=\/wp\/v2\/posts\/5830","targetHints":{"allow":["GET"]}}],"collection":[{"href":"https:\/\/www.benarabi.org\/index.php?rest_route=\/wp\/v2\/posts"}],"about":[{"href":"https:\/\/www.benarabi.org\/index.php?rest_route=\/wp\/v2\/types\/post"}],"author":[{"embeddable":true,"href":"https:\/\/www.benarabi.org\/index.php?rest_route=\/wp\/v2\/users\/1"}],"replies":[{"embeddable":true,"href":"https:\/\/www.benarabi.org\/index.php?rest_route=%2Fwp%2Fv2%2Fcomments&post=5830"}],"version-history":[{"count":1,"href":"https:\/\/www.benarabi.org\/index.php?rest_route=\/wp\/v2\/posts\/5830\/revisions"}],"predecessor-version":[{"id":5833,"href":"https:\/\/www.benarabi.org\/index.php?rest_route=\/wp\/v2\/posts\/5830\/revisions\/5833"}],"wp:attachment":[{"href":"https:\/\/www.benarabi.org\/index.php?rest_route=%2Fwp%2Fv2%2Fmedia&parent=5830"}],"wp:term":[{"taxonomy":"category","embeddable":true,"href":"https:\/\/www.benarabi.org\/index.php?rest_route=%2Fwp%2Fv2%2Fcategories&post=5830"},{"taxonomy":"post_tag","embeddable":true,"href":"https:\/\/www.benarabi.org\/index.php?rest_route=%2Fwp%2Fv2%2Ftags&post=5830"}],"curies":[{"name":"wp","href":"https:\/\/api.w.org\/{rel}","templated":true}]}}