{"id":5861,"date":"2018-09-04T11:17:57","date_gmt":"2018-09-04T09:17:57","guid":{"rendered":"http:\/\/www.benarabi.org\/?p=5861"},"modified":"2018-11-07T13:14:24","modified_gmt":"2018-11-07T12:14:24","slug":"presentaciones-alumnos-curso-2018-19","status":"publish","type":"post","link":"https:\/\/www.benarabi.org\/?p=5861","title":{"rendered":"Presentaciones Alumnos Curso 2018-19"},"content":{"rendered":"<p class=\"s5\" style=\"text-align: justify;\"><span class=\"s2\"><span class=\"bumpedFont15\"><a href=\"http:\/\/www.benarabi.org\/wp-content\/uploads\/2018\/09\/vuelta_clases_2018.jpg\"><img loading=\"lazy\" decoding=\"async\" class=\"alignleft wp-image-5862 size-full\" src=\"http:\/\/www.benarabi.org\/wp-content\/uploads\/2018\/09\/vuelta_clases_2018-e1536052574410.jpg\" alt=\"\" width=\"150\" height=\"71\"><\/a>Las presentaciones de <\/span><\/span><span class=\"s2\"><span class=\"bumpedFont15\">todos los <\/span><\/span><span class=\"s2\"><span class=\"bumpedFont15\">grupos se realizar\u00e1n <\/span><\/span><span class=\"s2\"><span class=\"bumpedFont15\">el <\/span><\/span><span class=\"s4\"><span class=\"bumpedFont15\">viernes 1<\/span><\/span><span class=\"s4\"><span class=\"bumpedFont15\">4 <\/span><\/span><span class=\"s2\"><span class=\"bumpedFont15\">de septiembre, en el horario que se adjunta a continuaci\u00f3n.<\/span><\/span><\/p>\n<p class=\"s5\" style=\"text-align: justify;\"><span class=\"s2\"><span class=\"bumpedFont15\">Las clases comenzar\u00e1n el<\/span><\/span> <span class=\"s4\"><span class=\"bumpedFont15\">lunes <\/span><\/span><span class=\"s4\"><span class=\"bumpedFont15\">1<\/span><\/span><span class=\"s4\"><span class=\"bumpedFont15\">7<\/span><\/span><span class=\"s2\"><span class=\"bumpedFont15\">&nbsp;<\/span><\/span><span class=\"s2\"><span class=\"bumpedFont15\">de septiembre a las 8:00h, en horario normal.<\/span><\/span><\/p>\n<p class=\"s5\" style=\"text-align: justify;\"><span class=\"s2\"><span class=\"bumpedFont15\"><a href=\"http:\/\/www.benarabi.org\/wp-content\/uploads\/2018\/09\/horarios-presentaciones-18-19.doc\">Pincha aqu\u00ed<\/a> p<\/span><\/span><span class=\"s2\"><span class=\"bumpedFont15\">ara ver el horario de las presentaciones.<\/span><\/span><\/p>\n","protected":false},"excerpt":{"rendered":"<p>Las presentaciones de todos los grupos se realizar\u00e1n el viernes 14 de septiembre, en el horario que se adjunta a continuaci\u00f3n. Las clases comenzar\u00e1n el lunes 17&nbsp;de septiembre a las 8:00h, en horario normal. Pincha aqu\u00ed para ver el horario de las presentaciones.<\/p>\n","protected":false},"author":1,"featured_media":0,"comment_status":"closed","ping_status":"open","sticky":false,"template":"","format":"standard","meta":{"footnotes":""},"categories":[1],"tags":[],"class_list":["post-5861","post","type-post","status-publish","format-standard","hentry","category-sin-categoria"],"_links":{"self":[{"href":"https:\/\/www.benarabi.org\/index.php?rest_route=\/wp\/v2\/posts\/5861","targetHints":{"allow":["GET"]}}],"collection":[{"href":"https:\/\/www.benarabi.org\/index.php?rest_route=\/wp\/v2\/posts"}],"about":[{"href":"https:\/\/www.benarabi.org\/index.php?rest_route=\/wp\/v2\/types\/post"}],"author":[{"embeddable":true,"href":"https:\/\/www.benarabi.org\/index.php?rest_route=\/wp\/v2\/users\/1"}],"replies":[{"embeddable":true,"href":"https:\/\/www.benarabi.org\/index.php?rest_route=%2Fwp%2Fv2%2Fcomments&post=5861"}],"version-history":[{"count":3,"href":"https:\/\/www.benarabi.org\/index.php?rest_route=\/wp\/v2\/posts\/5861\/revisions"}],"predecessor-version":[{"id":5981,"href":"https:\/\/www.benarabi.org\/index.php?rest_route=\/wp\/v2\/posts\/5861\/revisions\/5981"}],"wp:attachment":[{"href":"https:\/\/www.benarabi.org\/index.php?rest_route=%2Fwp%2Fv2%2Fmedia&parent=5861"}],"wp:term":[{"taxonomy":"category","embeddable":true,"href":"https:\/\/www.benarabi.org\/index.php?rest_route=%2Fwp%2Fv2%2Fcategories&post=5861"},{"taxonomy":"post_tag","embeddable":true,"href":"https:\/\/www.benarabi.org\/index.php?rest_route=%2Fwp%2Fv2%2Ftags&post=5861"}],"curies":[{"name":"wp","href":"https:\/\/api.w.org\/{rel}","templated":true}]}}