{"id":5949,"date":"2018-10-25T11:38:54","date_gmt":"2018-10-25T09:38:54","guid":{"rendered":"http:\/\/www.benarabi.org\/?p=5949"},"modified":"2018-11-07T13:11:52","modified_gmt":"2018-11-07T12:11:52","slug":"constitucion-de-la-junta-de-delegados-curso-2018-19","status":"publish","type":"post","link":"https:\/\/www.benarabi.org\/?p=5949","title":{"rendered":"Constituci\u00f3n de la Junta de Delegados Curso 2018-19"},"content":{"rendered":"<p style=\"text-align: justify;\"><a href=\"http:\/\/www.benarabi.org\/wp-content\/uploads\/2018\/10\/delegados-e1540460237298.jpg\"><img loading=\"lazy\" decoding=\"async\" class=\"alignleft size-full wp-image-5956\" src=\"http:\/\/www.benarabi.org\/wp-content\/uploads\/2018\/10\/delegados-e1540460237298.jpg\" alt=\"\" width=\"150\" height=\"113\"><\/a>El jueves <strong>25 de octubre<\/strong><strong>&nbsp;<\/strong>se ha constituido la&nbsp;<strong>Junta de delegados<\/strong>&nbsp;para el curso&nbsp;<strong>2018-19.<\/strong>&nbsp;Est\u00e1 integrada por los delegados de los distintos grupos y por los representantes de los alumnos en el Consejo Escolar. El Presidente de la misma es el alumno m\u00e1s votado entre los representantes actuales en el Consejo Escolar, Mar\u00eda Mart\u00ednez Torrecillas, del grupo B11C, que adem\u00e1s ostentar\u00e1 la representaci\u00f3n de los alumnos en los actos protocolarios en los que se requiera su presencia. El secretario de la Junta es el alumno de menor edad de entre los delegados de 2\u00ba de Bachillerato, M\u00aa Dolores Valderra\u00edn Navarro, del grupo B2AA.<\/p>\n<p style=\"text-align: justify;\">En esta primera reuni\u00f3n adem\u00e1s de constituirse la Junta, se han tratado temas de gran inter\u00e9s como informarles de las funciones de los delegados y subdelegados de cada grupo, la difusi\u00f3n de las candidaturas de la XXI Edici\u00f3n del Premio Jacinto Alcaraz Mellado, convocatoria de solicitud de Beca de Corresponsal Juvenil.<\/p>\n<p style=\"text-align: justify;\">Si quieres conocer el&nbsp;<strong>listado de alumnos<\/strong>&nbsp;que constituyen la Junta, <a href=\"http:\/\/www.benarabi.org\/wp-content\/uploads\/2018\/10\/LISTA_DELEGADOS18-19-1.pdf\">pincha aqu\u00ed.<\/a><\/p>\n","protected":false},"excerpt":{"rendered":"<p>El jueves 25 de octubre&nbsp;se ha constituido la&nbsp;Junta de delegados&nbsp;para el curso&nbsp;2018-19.&nbsp;Est\u00e1 integrada por los delegados de los distintos grupos y por los representantes de los alumnos en el Consejo Escolar. El Presidente de la misma es el alumno m\u00e1s votado entre los representantes actuales en el Consejo Escolar, Mar\u00eda Mart\u00ednez Torrecillas, del grupo B11C, [&hellip;]<\/p>\n","protected":false},"author":1,"featured_media":0,"comment_status":"closed","ping_status":"open","sticky":false,"template":"","format":"standard","meta":{"footnotes":""},"categories":[1],"tags":[],"class_list":["post-5949","post","type-post","status-publish","format-standard","hentry","category-sin-categoria"],"_links":{"self":[{"href":"https:\/\/www.benarabi.org\/index.php?rest_route=\/wp\/v2\/posts\/5949","targetHints":{"allow":["GET"]}}],"collection":[{"href":"https:\/\/www.benarabi.org\/index.php?rest_route=\/wp\/v2\/posts"}],"about":[{"href":"https:\/\/www.benarabi.org\/index.php?rest_route=\/wp\/v2\/types\/post"}],"author":[{"embeddable":true,"href":"https:\/\/www.benarabi.org\/index.php?rest_route=\/wp\/v2\/users\/1"}],"replies":[{"embeddable":true,"href":"https:\/\/www.benarabi.org\/index.php?rest_route=%2Fwp%2Fv2%2Fcomments&post=5949"}],"version-history":[{"count":2,"href":"https:\/\/www.benarabi.org\/index.php?rest_route=\/wp\/v2\/posts\/5949\/revisions"}],"predecessor-version":[{"id":5975,"href":"https:\/\/www.benarabi.org\/index.php?rest_route=\/wp\/v2\/posts\/5949\/revisions\/5975"}],"wp:attachment":[{"href":"https:\/\/www.benarabi.org\/index.php?rest_route=%2Fwp%2Fv2%2Fmedia&parent=5949"}],"wp:term":[{"taxonomy":"category","embeddable":true,"href":"https:\/\/www.benarabi.org\/index.php?rest_route=%2Fwp%2Fv2%2Fcategories&post=5949"},{"taxonomy":"post_tag","embeddable":true,"href":"https:\/\/www.benarabi.org\/index.php?rest_route=%2Fwp%2Fv2%2Ftags&post=5949"}],"curies":[{"name":"wp","href":"https:\/\/api.w.org\/{rel}","templated":true}]}}