{"id":5958,"date":"2018-10-30T10:05:05","date_gmt":"2018-10-30T09:05:05","guid":{"rendered":"http:\/\/www.benarabi.org\/?p=5958"},"modified":"2018-11-07T10:58:04","modified_gmt":"2018-11-07T09:58:04","slug":"el-aula-miguel-hernandez-inicia-sus-actividades","status":"publish","type":"post","link":"https:\/\/www.benarabi.org\/?p=5958","title":{"rendered":"El Aula Miguel Hern\u00e1ndez inicia sus actividades"},"content":{"rendered":"<p style=\"text-align: justify;\"><a href=\"http:\/\/www.benarabi.org\/wp-content\/uploads\/2018\/10\/IMAGEN-e1540890183443.jpg\"><img loading=\"lazy\" decoding=\"async\" class=\"alignleft size-full wp-image-5959\" src=\"http:\/\/www.benarabi.org\/wp-content\/uploads\/2018\/10\/IMAGEN-e1540890183443.jpg\" alt=\"\" width=\"150\" height=\"53\"><\/a>El \u201cAula Miguel Hern\u00e1ndez\u201d de Cartagena es una iniciativa del IES Ben Arab\u00ed y la Fundaci\u00f3n Cultural Miguel Hern\u00e1ndez que comenz\u00f3 su andadura en el curso 2014-2015. Desde entonces, ha venido ampliando sus actividades, siempre dirigidas al estudio y la divulgaci\u00f3n de la figura y la obra del poeta y su contexto literario, hist\u00f3rico y social. Han destacado la publicaci\u00f3n de libros y la celebraci\u00f3n de conferencias, junto con la organizaci\u00f3n de concursos y la creaci\u00f3n del Ateneo \u201cPepe de Juana\u201d, de los que se han beneficiado, tanto la comunidad educativa del IES Ben Arab\u00ed, y especialmente su alumnado, como la sociedad cartagenera en su conjunto.<\/p>\n<p style=\"text-align: justify;\">El pr\u00f3ximo viernes, <strong>9 de noviembre<\/strong>, a las <strong>19.30 horas<\/strong>, tendr\u00e1 lugar la primera iniciativa perteneciente al a\u00f1o acad\u00e9mico 2018-2019, con la conferencia <strong>\u201cLa Uni\u00f3n en su 150 aniversario; memorial Francisco Jos\u00e9 Rodenas<\/strong>\u201d, a cargo de <strong>Francisco Jos\u00e9 Franco<\/strong>, profesor del IES Ben Arab\u00ed, miembro de la Real Academia Alfonso X El Sabio, y Cronista Oficial de Cartagena. Esta lecci\u00f3n se enmarca dentro de la serie de conferencias del Ateneo Pepe de Juana, secci\u00f3n del Aula Miguel Hern\u00e1ndez centrada en la historia de la comarca de Cartagena, y se llevar\u00e1 a cabo en el centro asociado de Cartagena de la Universidad Nacional de Educaci\u00f3n a Distancia.<\/p>\n<p style=\"text-align: justify;\">Si quieres ver el cartel de la conferencia, <a href=\"http:\/\/www.benarabi.org\/wp-content\/uploads\/2018\/10\/cartel_miguel-hern\u00e1ndez.jpg\">pincha aqu\u00ed.<\/a><\/p>\n","protected":false},"excerpt":{"rendered":"<p>El \u201cAula Miguel Hern\u00e1ndez\u201d de Cartagena es una iniciativa del IES Ben Arab\u00ed y la Fundaci\u00f3n Cultural Miguel Hern\u00e1ndez que comenz\u00f3 su andadura en el curso 2014-2015. Desde entonces, ha venido ampliando sus actividades, siempre dirigidas al estudio y la divulgaci\u00f3n de la figura y la obra del poeta y su contexto literario, hist\u00f3rico y [&hellip;]<\/p>\n","protected":false},"author":1,"featured_media":0,"comment_status":"closed","ping_status":"open","sticky":false,"template":"","format":"standard","meta":{"footnotes":""},"categories":[1],"tags":[],"class_list":["post-5958","post","type-post","status-publish","format-standard","hentry","category-sin-categoria"],"_links":{"self":[{"href":"https:\/\/www.benarabi.org\/index.php?rest_route=\/wp\/v2\/posts\/5958","targetHints":{"allow":["GET"]}}],"collection":[{"href":"https:\/\/www.benarabi.org\/index.php?rest_route=\/wp\/v2\/posts"}],"about":[{"href":"https:\/\/www.benarabi.org\/index.php?rest_route=\/wp\/v2\/types\/post"}],"author":[{"embeddable":true,"href":"https:\/\/www.benarabi.org\/index.php?rest_route=\/wp\/v2\/users\/1"}],"replies":[{"embeddable":true,"href":"https:\/\/www.benarabi.org\/index.php?rest_route=%2Fwp%2Fv2%2Fcomments&post=5958"}],"version-history":[{"count":3,"href":"https:\/\/www.benarabi.org\/index.php?rest_route=\/wp\/v2\/posts\/5958\/revisions"}],"predecessor-version":[{"id":5974,"href":"https:\/\/www.benarabi.org\/index.php?rest_route=\/wp\/v2\/posts\/5958\/revisions\/5974"}],"wp:attachment":[{"href":"https:\/\/www.benarabi.org\/index.php?rest_route=%2Fwp%2Fv2%2Fmedia&parent=5958"}],"wp:term":[{"taxonomy":"category","embeddable":true,"href":"https:\/\/www.benarabi.org\/index.php?rest_route=%2Fwp%2Fv2%2Fcategories&post=5958"},{"taxonomy":"post_tag","embeddable":true,"href":"https:\/\/www.benarabi.org\/index.php?rest_route=%2Fwp%2Fv2%2Ftags&post=5958"}],"curies":[{"name":"wp","href":"https:\/\/api.w.org\/{rel}","templated":true}]}}