{"id":6241,"date":"2018-11-29T10:22:06","date_gmt":"2018-11-29T09:22:06","guid":{"rendered":"http:\/\/www.benarabi.org\/?p=6241"},"modified":"2019-01-09T11:38:17","modified_gmt":"2019-01-09T10:38:17","slug":"constitucion-del-nuevo-consejo-escolar","status":"publish","type":"post","link":"https:\/\/www.benarabi.org\/?p=6241","title":{"rendered":"Constituci\u00f3n del nuevo Consejo Escolar"},"content":{"rendered":"<p class=\"s3\"><span class=\"s2\"><span class=\"bumpedFont15\"><a href=\"http:\/\/www.benarabi.org\/?page_id=115\"><img loading=\"lazy\" decoding=\"async\" class=\"alignleft wp-image-6242 size-full\" src=\"http:\/\/www.benarabi.org\/wp-content\/uploads\/2018\/11\/consejoescolar-e1543483166639.jpg\" alt=\"\" width=\"150\" height=\"71\" \/><\/a>El <\/span><\/span><span class=\"s4\"><span class=\"bumpedFont15\">mi\u00e9rcoles 28 de noviembre<\/span><\/span><span class=\"s2\"><span class=\"bumpedFont15\"> de 2018<\/span><\/span><span class=\"s2\"><span class=\"bumpedFont15\"> se <\/span><\/span><span class=\"s2\"><span class=\"bumpedFont15\">constituy\u00f3 el nuevo Consejo Escolar con la renovaci\u00f3n de los siguientes representantes<\/span><\/span><span class=\"s2\"><span class=\"bumpedFont15\">:<\/span><\/span><\/p>\n<p class=\"s3\"><span class=\"s5\"><span class=\"bumpedFont15\">Del profesorado:\u00a0<\/span><\/span><span class=\"s2\"><span class=\"bumpedFont15\">Caridad Rives Arcayna,\u00a0Manuel J. Arenas Jim\u00e9nez,\u00a0<\/span><\/span><span class=\"s2\"><span class=\"bumpedFont15\">Andr\u00e9s Avelino Garc\u00eda Gonz\u00e1lez,\u00a0<\/span><\/span><span class=\"s2\"><span class=\"bumpedFont15\">Carmen M\u00aa Izquierdo Plazas y\u00a0<\/span><\/span><span class=\"s2\"><span class=\"bumpedFont15\">Manuel Jes\u00fas Soler Jim\u00e9nez.<\/span><\/span><\/p>\n<p class=\"s3\"><span class=\"s5\"><span class=\"bumpedFont15\">De los alumnos:\u00a0<\/span><\/span><span class=\"s2\"><span class=\"bumpedFont15\">Ignacio Arenas Garc\u00eda,\u00a0<\/span><\/span><span class=\"s2\"><span class=\"bumpedFont15\">Andrea Arias Rubio y\u00a0<\/span><\/span><span class=\"s2\"><span class=\"bumpedFont15\">Juan Jos\u00e9 Tom\u00e1s Rives.<\/span><\/span><\/p>\n<p class=\"s3\"><span class=\"s5\"><span class=\"bumpedFont15\">De los padres:\u00a0<\/span><\/span><span class=\"s2\"><span class=\"bumpedFont15\">Mar\u00eda del Puy Mart\u00ednez Garc\u00eda.<\/span><\/span><\/p>\n<p class=\"s3\"><span class=\"s2\"><span class=\"bumpedFont15\">Estos nuevos representantes se suman a los que ya componen el Consejo escolar y no han sido renovados.<\/span><\/span><\/p>\n<p class=\"s3\"><span class=\"s2\"><span class=\"bumpedFont15\">Si quieres ver la composici\u00f3n completa y detallada, <a href=\"http:\/\/www.benarabi.org\/?page_id=115\">pincha aqu\u00ed.<\/a><\/span><\/span><\/p>\n","protected":false},"excerpt":{"rendered":"<p>El mi\u00e9rcoles 28 de noviembre de 2018 se constituy\u00f3 el nuevo Consejo Escolar con la renovaci\u00f3n de los siguientes representantes: Del profesorado:\u00a0Caridad Rives Arcayna,\u00a0Manuel J. Arenas Jim\u00e9nez,\u00a0Andr\u00e9s Avelino Garc\u00eda Gonz\u00e1lez,\u00a0Carmen M\u00aa Izquierdo Plazas y\u00a0Manuel Jes\u00fas Soler Jim\u00e9nez. De los alumnos:\u00a0Ignacio Arenas Garc\u00eda,\u00a0Andrea Arias Rubio y\u00a0Juan Jos\u00e9 Tom\u00e1s Rives. De los padres:\u00a0Mar\u00eda del Puy Mart\u00ednez Garc\u00eda. [&hellip;]<\/p>\n","protected":false},"author":1,"featured_media":0,"comment_status":"closed","ping_status":"open","sticky":false,"template":"","format":"standard","meta":{"footnotes":""},"categories":[1],"tags":[],"class_list":["post-6241","post","type-post","status-publish","format-standard","hentry","category-sin-categoria"],"_links":{"self":[{"href":"https:\/\/www.benarabi.org\/index.php?rest_route=\/wp\/v2\/posts\/6241","targetHints":{"allow":["GET"]}}],"collection":[{"href":"https:\/\/www.benarabi.org\/index.php?rest_route=\/wp\/v2\/posts"}],"about":[{"href":"https:\/\/www.benarabi.org\/index.php?rest_route=\/wp\/v2\/types\/post"}],"author":[{"embeddable":true,"href":"https:\/\/www.benarabi.org\/index.php?rest_route=\/wp\/v2\/users\/1"}],"replies":[{"embeddable":true,"href":"https:\/\/www.benarabi.org\/index.php?rest_route=%2Fwp%2Fv2%2Fcomments&post=6241"}],"version-history":[{"count":7,"href":"https:\/\/www.benarabi.org\/index.php?rest_route=\/wp\/v2\/posts\/6241\/revisions"}],"predecessor-version":[{"id":6371,"href":"https:\/\/www.benarabi.org\/index.php?rest_route=\/wp\/v2\/posts\/6241\/revisions\/6371"}],"wp:attachment":[{"href":"https:\/\/www.benarabi.org\/index.php?rest_route=%2Fwp%2Fv2%2Fmedia&parent=6241"}],"wp:term":[{"taxonomy":"category","embeddable":true,"href":"https:\/\/www.benarabi.org\/index.php?rest_route=%2Fwp%2Fv2%2Fcategories&post=6241"},{"taxonomy":"post_tag","embeddable":true,"href":"https:\/\/www.benarabi.org\/index.php?rest_route=%2Fwp%2Fv2%2Ftags&post=6241"}],"curies":[{"name":"wp","href":"https:\/\/api.w.org\/{rel}","templated":true}]}}