{"id":6289,"date":"2018-12-05T10:56:22","date_gmt":"2018-12-05T09:56:22","guid":{"rendered":"http:\/\/www.benarabi.org\/?p=6289"},"modified":"2019-01-09T11:34:32","modified_gmt":"2019-01-09T10:34:32","slug":"celebracion-del-dia-de-la-constitucion-espanola","status":"publish","type":"post","link":"https:\/\/www.benarabi.org\/?p=6289","title":{"rendered":"Celebraci\u00f3n del D\u00eda de la Constituci\u00f3n Espa\u00f1ola"},"content":{"rendered":"<p style=\"text-align: justify;\"><span style=\"font-weight: 400;\"><a href=\"http:\/\/www.benarabi.org\/wp-content\/uploads\/2018\/12\/DSC_0252.jpg\"><img loading=\"lazy\" decoding=\"async\" class=\"alignleft wp-image-6290 size-full\" src=\"http:\/\/www.benarabi.org\/wp-content\/uploads\/2018\/12\/DSC_0252-e1544003744442.jpg\" alt=\"\" width=\"150\" height=\"100\" \/><\/a>Con motivo de la celebraci\u00f3n del d\u00eda de la Constituci\u00f3n Espa\u00f1ola, el lunes 3 de diciembre, a las 9:50 horas en el hall de entrada al centro, se ha procedido a la lectura de varios art\u00edculos de la constituci\u00f3n espa\u00f1ola relacionados con los derechos y deberes fundamentales sobre educaci\u00f3n, cultura, familia, trabajo. <\/span><\/p>\n<p style=\"text-align: justify;\"><span style=\"font-weight: 400;\">En el acto, han participado: Andrea Arias Rubio e Ignacio Arenas Garc\u00eda (como representantes de los alumnos); Mar\u00eda del Puy Mart\u00ednez Garc\u00eda (representante de padres y madres); Enrique Pineda G\u00f3mez (profesor del departamento de Lengua y literatura); y Alicia Pujol Dom\u00ednguez (representante del Personal de Administraci\u00f3n y Servicios).<\/span><\/p>\n<p style=\"text-align: justify;\"><span style=\"font-weight: 400;\">Un total de 12 art\u00edculos en los que se ha hecho un repaso por los derechos y deberes fundamentales como ciudadano del estado espa\u00f1ol, libertad de las personas, derechos fundamentales a un trabajo digno y vivienda, igualdad ante la ley, protecci\u00f3n de la familia y la cultura, etc. <\/span><\/p>\n<p style=\"text-align: justify;\"><span style=\"font-weight: 400;\">Por otro lado, y coincidiendo con la celebraci\u00f3n, este a\u00f1o, del 40\u00ba aniversario de la creaci\u00f3n de la Constituci\u00f3n, se ha procedido a rendir homenaje a los padres de la Constituci\u00f3n: Gabriel Cisneros, Miguel Herrero de Mi\u00f1on, Jos\u00e9 Pedro P\u00e9rez-Llorca (todos ellos de UCD); Gregorio Peces-Barba (PSOE), Jordi Sol\u00e9 (PCE); Manuel Fraga (AP); y Miguel Roca (minor\u00eda Catalana).<\/span><\/p>\n<p style=\"text-align: justify;\"><span style=\"font-weight: 400;\">Si quieres ver los 12 art\u00edculos seleccionados para la lectura, <a href=\"http:\/\/www.benarabi.org\/wp-content\/uploads\/2018\/12\/articulos-de-la-constituci\u00f3n.doc\">pincha aqu\u00ed<\/a>.<\/span><\/p>\n","protected":false},"excerpt":{"rendered":"<p>Con motivo de la celebraci\u00f3n del d\u00eda de la Constituci\u00f3n Espa\u00f1ola, el lunes 3 de diciembre, a las 9:50 horas en el hall de entrada al centro, se ha procedido a la lectura de varios art\u00edculos de la constituci\u00f3n espa\u00f1ola relacionados con los derechos y deberes fundamentales sobre educaci\u00f3n, cultura, familia, trabajo. En el acto, [&hellip;]<\/p>\n","protected":false},"author":1,"featured_media":0,"comment_status":"closed","ping_status":"open","sticky":false,"template":"","format":"standard","meta":{"footnotes":""},"categories":[1],"tags":[],"class_list":["post-6289","post","type-post","status-publish","format-standard","hentry","category-sin-categoria"],"_links":{"self":[{"href":"https:\/\/www.benarabi.org\/index.php?rest_route=\/wp\/v2\/posts\/6289","targetHints":{"allow":["GET"]}}],"collection":[{"href":"https:\/\/www.benarabi.org\/index.php?rest_route=\/wp\/v2\/posts"}],"about":[{"href":"https:\/\/www.benarabi.org\/index.php?rest_route=\/wp\/v2\/types\/post"}],"author":[{"embeddable":true,"href":"https:\/\/www.benarabi.org\/index.php?rest_route=\/wp\/v2\/users\/1"}],"replies":[{"embeddable":true,"href":"https:\/\/www.benarabi.org\/index.php?rest_route=%2Fwp%2Fv2%2Fcomments&post=6289"}],"version-history":[{"count":2,"href":"https:\/\/www.benarabi.org\/index.php?rest_route=\/wp\/v2\/posts\/6289\/revisions"}],"predecessor-version":[{"id":6370,"href":"https:\/\/www.benarabi.org\/index.php?rest_route=\/wp\/v2\/posts\/6289\/revisions\/6370"}],"wp:attachment":[{"href":"https:\/\/www.benarabi.org\/index.php?rest_route=%2Fwp%2Fv2%2Fmedia&parent=6289"}],"wp:term":[{"taxonomy":"category","embeddable":true,"href":"https:\/\/www.benarabi.org\/index.php?rest_route=%2Fwp%2Fv2%2Fcategories&post=6289"},{"taxonomy":"post_tag","embeddable":true,"href":"https:\/\/www.benarabi.org\/index.php?rest_route=%2Fwp%2Fv2%2Ftags&post=6289"}],"curies":[{"name":"wp","href":"https:\/\/api.w.org\/{rel}","templated":true}]}}