{"id":6373,"date":"2019-01-14T15:16:02","date_gmt":"2019-01-14T14:16:02","guid":{"rendered":"http:\/\/www.benarabi.org\/?p=6373"},"modified":"2019-01-18T09:51:02","modified_gmt":"2019-01-18T08:51:02","slug":"ii-certamen-literario-viento-del-pueblo","status":"publish","type":"post","link":"https:\/\/www.benarabi.org\/?p=6373","title":{"rendered":"II Certamen Literario \u201cViento Del Pueblo\u201d"},"content":{"rendered":"<p style=\"text-align: justify;\"><a href=\"http:\/\/www.benarabi.org\/wp-content\/uploads\/2019\/01\/Cartel-II-Certamen-literario-Viento-Del-Pueblo-001.jpg\"><img loading=\"lazy\" decoding=\"async\" class=\"alignleft wp-image-6374 size-full\" src=\"http:\/\/www.benarabi.org\/wp-content\/uploads\/2019\/01\/Cartel-II-Certamen-literario-Viento-Del-Pueblo-001-e1547643172177.jpg\" alt=\"\" width=\"150\" height=\"212\" \/><\/a>Los IES Mediterr\u00e1neo y Ben Arab\u00ed de Cartagena, en colaboraci\u00f3n con la Fundaci\u00f3n Cultural Miguel Hern\u00e1ndez y el Aula que lleva su nombre en esta ciudad, convocan la 2\u00aa edici\u00f3n del Certamen literario \u201cViento del pueblo\u201d, para honrar la figura del poeta y mantener vivo su legado para las nuevas generaciones. El concurso se dirige a todos los alumnos que estudian ESO, Bachillerato y FP B\u00e1sica en la Regi\u00f3n de Murcia, que pueden presentar sus creaciones en dos categor\u00edas:<\/p>\n<ul style=\"text-align: justify;\">\n<li>De 1\u00ba a 3\u00ba ESO, y FP B\u00e1sica<\/li>\n<li>4\u00ba ESO y Bachillerato: poes\u00eda l\u00edrica, que incluya dos versos del poeta oriolano.<\/li>\n<\/ul>\n<p style=\"text-align: justify;\">Los textos pertenecer\u00e1n al g\u00e9nero de la poes\u00eda l\u00edrica, con una extensi\u00f3n entre 14 y 50 versos. Se otorgar\u00e1n dos premios, uno por categor\u00eda, valorados en 200 euros.<\/p>\n<p style=\"text-align: justify;\">Puedes leer detenidamente <a href=\"https:\/\/sites.google.com\/murciaeduca.es\/ii-certamen-literario-viento-d\/p%C3%A1gina-principal\" target=\"_blank\" rel=\"noopener\">las bases aqu\u00ed<\/a>.<\/p>\n","protected":false},"excerpt":{"rendered":"<p>Los IES Mediterr\u00e1neo y Ben Arab\u00ed de Cartagena, en colaboraci\u00f3n con la Fundaci\u00f3n Cultural Miguel Hern\u00e1ndez y el Aula que lleva su nombre en esta ciudad, convocan la 2\u00aa edici\u00f3n del Certamen literario \u201cViento del pueblo\u201d, para honrar la figura del poeta y mantener vivo su legado para las nuevas generaciones. El concurso se dirige [&hellip;]<\/p>\n","protected":false},"author":1,"featured_media":0,"comment_status":"closed","ping_status":"open","sticky":false,"template":"","format":"standard","meta":{"footnotes":""},"categories":[1],"tags":[],"class_list":["post-6373","post","type-post","status-publish","format-standard","hentry","category-sin-categoria"],"_links":{"self":[{"href":"https:\/\/www.benarabi.org\/index.php?rest_route=\/wp\/v2\/posts\/6373","targetHints":{"allow":["GET"]}}],"collection":[{"href":"https:\/\/www.benarabi.org\/index.php?rest_route=\/wp\/v2\/posts"}],"about":[{"href":"https:\/\/www.benarabi.org\/index.php?rest_route=\/wp\/v2\/types\/post"}],"author":[{"embeddable":true,"href":"https:\/\/www.benarabi.org\/index.php?rest_route=\/wp\/v2\/users\/1"}],"replies":[{"embeddable":true,"href":"https:\/\/www.benarabi.org\/index.php?rest_route=%2Fwp%2Fv2%2Fcomments&post=6373"}],"version-history":[{"count":4,"href":"https:\/\/www.benarabi.org\/index.php?rest_route=\/wp\/v2\/posts\/6373\/revisions"}],"predecessor-version":[{"id":6396,"href":"https:\/\/www.benarabi.org\/index.php?rest_route=\/wp\/v2\/posts\/6373\/revisions\/6396"}],"wp:attachment":[{"href":"https:\/\/www.benarabi.org\/index.php?rest_route=%2Fwp%2Fv2%2Fmedia&parent=6373"}],"wp:term":[{"taxonomy":"category","embeddable":true,"href":"https:\/\/www.benarabi.org\/index.php?rest_route=%2Fwp%2Fv2%2Fcategories&post=6373"},{"taxonomy":"post_tag","embeddable":true,"href":"https:\/\/www.benarabi.org\/index.php?rest_route=%2Fwp%2Fv2%2Ftags&post=6373"}],"curies":[{"name":"wp","href":"https:\/\/api.w.org\/{rel}","templated":true}]}}