{"id":6383,"date":"2019-01-16T13:51:18","date_gmt":"2019-01-16T12:51:18","guid":{"rendered":"http:\/\/www.benarabi.org\/?p=6383"},"modified":"2019-01-16T13:51:18","modified_gmt":"2019-01-16T12:51:18","slug":"vii-semana-cultural-arboles-y-dia-del-centro","status":"publish","type":"post","link":"https:\/\/www.benarabi.org\/?p=6383","title":{"rendered":"VII Semana Cultural: \u201c\u00c1rboles\u201d y D\u00eda del Centro"},"content":{"rendered":"<p style=\"text-align: justify;\"><a href=\"http:\/\/www.benarabi.org\/wp-content\/uploads\/2019\/01\/El_Arbol-verde.png\"><img loading=\"lazy\" decoding=\"async\" class=\"alignleft wp-image-6385 size-full\" src=\"http:\/\/www.benarabi.org\/wp-content\/uploads\/2019\/01\/El_Arbol-verde-e1547643056111.png\" alt=\"\" width=\"150\" height=\"140\" \/><\/a>Del 21 al 25 de enero de 2019, tendr\u00e1 lugar la VII Semana Cultural de nuestro instituto, que este a\u00f1o lleva por t\u00edtulo: \u201c\u00c1rboles\u201d.<\/p>\n<p style=\"text-align: justify;\">Durante\u00a0estos d\u00edas, el objetivo fundamental es que nuestros alumnos trabajen, a trav\u00e9s de las distintas \u00e1reas del curr\u00edculo, la tem\u00e1tica de los \u00e1rboles: informaci\u00f3n diversa sobre estos seres vivos as\u00ed como an\u00e1lisis y reflexi\u00f3n sobre la importancia y beneficios en el impacto medioambiental, en la medicina, en la alimentaci\u00f3n, en la econom\u00eda,&#8230;<\/p>\n<p style=\"text-align: justify;\">El viernes 25 de enero, coincidiendo con la Semana Cultural, se celebrar\u00e1 el D\u00eda del Centro, en el que se realizar\u00e1n una gran cantidad de actividades dirigidas a toda la comunidad educativa.<\/p>\n<p style=\"text-align: justify;\">\n<p style=\"text-align: justify;\">Si quieres ver el Programa completo y detallado de la VII Semana Cultural y D\u00eda del Centro, <a href=\"http:\/\/www.benarabi.org\/wp-content\/uploads\/2019\/01\/PROGRAMA-DE-LA-SEMANA-CULTURAL-Y-D\u00cdA-DEL-CENTRO-2019.pdf\">pincha aqu\u00ed<\/a>.<\/p>\n","protected":false},"excerpt":{"rendered":"<p>Del 21 al 25 de enero de 2019, tendr\u00e1 lugar la VII Semana Cultural de nuestro instituto, que este a\u00f1o lleva por t\u00edtulo: \u201c\u00c1rboles\u201d. Durante\u00a0estos d\u00edas, el objetivo fundamental es que nuestros alumnos trabajen, a trav\u00e9s de las distintas \u00e1reas del curr\u00edculo, la tem\u00e1tica de los \u00e1rboles: informaci\u00f3n diversa sobre estos seres vivos as\u00ed como [&hellip;]<\/p>\n","protected":false},"author":1,"featured_media":0,"comment_status":"closed","ping_status":"open","sticky":false,"template":"","format":"standard","meta":{"footnotes":""},"categories":[1],"tags":[],"class_list":["post-6383","post","type-post","status-publish","format-standard","hentry","category-sin-categoria"],"_links":{"self":[{"href":"https:\/\/www.benarabi.org\/index.php?rest_route=\/wp\/v2\/posts\/6383","targetHints":{"allow":["GET"]}}],"collection":[{"href":"https:\/\/www.benarabi.org\/index.php?rest_route=\/wp\/v2\/posts"}],"about":[{"href":"https:\/\/www.benarabi.org\/index.php?rest_route=\/wp\/v2\/types\/post"}],"author":[{"embeddable":true,"href":"https:\/\/www.benarabi.org\/index.php?rest_route=\/wp\/v2\/users\/1"}],"replies":[{"embeddable":true,"href":"https:\/\/www.benarabi.org\/index.php?rest_route=%2Fwp%2Fv2%2Fcomments&post=6383"}],"version-history":[{"count":1,"href":"https:\/\/www.benarabi.org\/index.php?rest_route=\/wp\/v2\/posts\/6383\/revisions"}],"predecessor-version":[{"id":6386,"href":"https:\/\/www.benarabi.org\/index.php?rest_route=\/wp\/v2\/posts\/6383\/revisions\/6386"}],"wp:attachment":[{"href":"https:\/\/www.benarabi.org\/index.php?rest_route=%2Fwp%2Fv2%2Fmedia&parent=6383"}],"wp:term":[{"taxonomy":"category","embeddable":true,"href":"https:\/\/www.benarabi.org\/index.php?rest_route=%2Fwp%2Fv2%2Fcategories&post=6383"},{"taxonomy":"post_tag","embeddable":true,"href":"https:\/\/www.benarabi.org\/index.php?rest_route=%2Fwp%2Fv2%2Ftags&post=6383"}],"curies":[{"name":"wp","href":"https:\/\/api.w.org\/{rel}","templated":true}]}}