{"id":6414,"date":"2019-01-29T11:39:40","date_gmt":"2019-01-29T10:39:40","guid":{"rendered":"http:\/\/www.benarabi.org\/?p=6414"},"modified":"2019-01-30T16:58:27","modified_gmt":"2019-01-30T15:58:27","slug":"el-ies-ben-arabi-entrega-del-xxi-premio-jacinto-alcaraz-mellado-a-amaim","status":"publish","type":"post","link":"https:\/\/www.benarabi.org\/?p=6414","title":{"rendered":"El IES Ben Arab\u00ed entrega del XXI Premio Jacinto Alcaraz Mellado a AMAIM"},"content":{"rendered":"<p style=\"text-align: justify;\"><a href=\"http:\/\/www.benarabi.org\/wp-content\/uploads\/2019\/01\/principal-1.jpg\"><img loading=\"lazy\" decoding=\"async\" class=\"alignleft wp-image-6422\" src=\"http:\/\/www.benarabi.org\/wp-content\/uploads\/2019\/01\/principal-1.jpg\" alt=\"\" width=\"150\" height=\"100\" srcset=\"https:\/\/www.benarabi.org\/wp-content\/uploads\/2019\/01\/principal-1.jpg 1200w, https:\/\/www.benarabi.org\/wp-content\/uploads\/2019\/01\/principal-1-768x512.jpg 768w\" sizes=\"auto, (max-width: 150px) 100vw, 150px\" \/><\/a>El pasado jueves, 24 de enero, el IES Ben Arab\u00ed celebr\u00f3 la entrega del vig\u00e9simo primer Premio Jacinto Alcaraz Mellado, fallo que supone el colof\u00f3n a todo un a\u00f1o en el que, mediante la organizaci\u00f3n y difusi\u00f3n del premio y las candidaturas, as\u00ed como de la elecci\u00f3n del ganador, fomentan los valores que el propio premio propugna \u2013solidaridad, tolerancia y convivencia- d\u00e1ndose a conocer la labor de todos los participantes, as\u00ed como la del premiado.<\/p>\n<p style=\"text-align: justify;\">En esta ocasi\u00f3n, se ha otorgado el premio a la Asociaci\u00f3n Murciana de Apoyo a la Infancia Maltratada, AMAIM, que destaca por la asistencia prestada en casos de maltrato infantil, colaborando en la formaci\u00f3n de los profesionales que intervienen y en la concienciaci\u00f3n de la sociedad sobre este problema.<\/p>\n<p style=\"text-align: justify;\">La ceremonia de entrega del premio tuvo lugar en el Auditorio del Conservatorio de M\u00fasica de Cartagena, y cont\u00f3 con la presencia y el decidido apoyo del Director General de Atenci\u00f3n a la Diversidad y Calidad Educativa, de la Consejer\u00eda de Educaci\u00f3n, as\u00ed como de la Concejal de Educaci\u00f3n y Servicios Sociales del Ayuntamiento de Cartagena, que fueron los encargados de hacer entrega del trofeo, que lleva aparejada una dotaci\u00f3n econ\u00f3mica de 600 euros a la asociaci\u00f3n, representada por su presidenta, D\u00aa Juana Mar\u00eda L\u00f3pez Calero.<\/p>\n<p style=\"text-align: justify;\">En el acto tambi\u00e9n se present\u00f3 el cartel de la vig\u00e9simo segunda edici\u00f3n, como apertura de un nuevo ciclo que concluir\u00e1 con la siguiente entrega el pr\u00f3ximo a\u00f1o, y se interpretaron dos piezas musicales a cargo del d\u00fao de violonchelistas Alberto y Sergio Arques Iv\u00e1nez, alumnos del IES Ben Arabi y del Conservatorio.<\/p>\n<p style=\"text-align: justify;\">El Director del IES Ben Arabi, D. Manuel D\u00edaz Segura resalt\u00f3 que, la fortaleza y permanencia del premio, son una muestra\u00a0 del compromiso firme y constante de toda la comunidad educativa de nuestro Centro, con el fomento y difusi\u00f3n de unos valores tan \u00a0relevantes para la mejora de nuestra sociedad.<\/p>\n<p>Si quieres ver las im\u00e1genes del acto <a href=\"http:\/\/www.benarabi.org\/?page_id=6427\">pincha aqu\u00ed<\/a>.<\/p>\n","protected":false},"excerpt":{"rendered":"<p>El pasado jueves, 24 de enero, el IES Ben Arab\u00ed celebr\u00f3 la entrega del vig\u00e9simo primer Premio Jacinto Alcaraz Mellado, fallo que supone el colof\u00f3n a todo un a\u00f1o en el que, mediante la organizaci\u00f3n y difusi\u00f3n del premio y las candidaturas, as\u00ed como de la elecci\u00f3n del ganador, fomentan los valores que el propio [&hellip;]<\/p>\n","protected":false},"author":1,"featured_media":0,"comment_status":"closed","ping_status":"open","sticky":false,"template":"","format":"standard","meta":{"footnotes":""},"categories":[1],"tags":[],"class_list":["post-6414","post","type-post","status-publish","format-standard","hentry","category-sin-categoria"],"_links":{"self":[{"href":"https:\/\/www.benarabi.org\/index.php?rest_route=\/wp\/v2\/posts\/6414","targetHints":{"allow":["GET"]}}],"collection":[{"href":"https:\/\/www.benarabi.org\/index.php?rest_route=\/wp\/v2\/posts"}],"about":[{"href":"https:\/\/www.benarabi.org\/index.php?rest_route=\/wp\/v2\/types\/post"}],"author":[{"embeddable":true,"href":"https:\/\/www.benarabi.org\/index.php?rest_route=\/wp\/v2\/users\/1"}],"replies":[{"embeddable":true,"href":"https:\/\/www.benarabi.org\/index.php?rest_route=%2Fwp%2Fv2%2Fcomments&post=6414"}],"version-history":[{"count":4,"href":"https:\/\/www.benarabi.org\/index.php?rest_route=\/wp\/v2\/posts\/6414\/revisions"}],"predecessor-version":[{"id":6430,"href":"https:\/\/www.benarabi.org\/index.php?rest_route=\/wp\/v2\/posts\/6414\/revisions\/6430"}],"wp:attachment":[{"href":"https:\/\/www.benarabi.org\/index.php?rest_route=%2Fwp%2Fv2%2Fmedia&parent=6414"}],"wp:term":[{"taxonomy":"category","embeddable":true,"href":"https:\/\/www.benarabi.org\/index.php?rest_route=%2Fwp%2Fv2%2Fcategories&post=6414"},{"taxonomy":"post_tag","embeddable":true,"href":"https:\/\/www.benarabi.org\/index.php?rest_route=%2Fwp%2Fv2%2Ftags&post=6414"}],"curies":[{"name":"wp","href":"https:\/\/api.w.org\/{rel}","templated":true}]}}