{"id":6440,"date":"2019-02-26T10:04:36","date_gmt":"2019-02-26T09:04:36","guid":{"rendered":"http:\/\/www.benarabi.org\/?p=6440"},"modified":"2019-02-26T12:35:56","modified_gmt":"2019-02-26T11:35:56","slug":"viaje-intercambio-a-francia-alumnos-3o-y-4o-eso","status":"publish","type":"post","link":"https:\/\/www.benarabi.org\/?p=6440","title":{"rendered":"Viaje &#8211; Intercambio a Francia alumnos 3\u00ba y 4\u00ba ESO"},"content":{"rendered":"<p style=\"text-align: justify;\"><a href=\"http:\/\/www.benarabi.org\/wp-content\/uploads\/2019\/02\/francia-3-4-principal.jpg\"><img loading=\"lazy\" decoding=\"async\" class=\"alignleft wp-image-6441 size-full\" src=\"http:\/\/www.benarabi.org\/wp-content\/uploads\/2019\/02\/francia-3-4-principal-e1551171855905.jpg\" alt=\"\" width=\"150\" height=\"112\" \/><\/a>Del 2 al 11 de febrero los alumnos de 3\u00ba y 4\u00ba ESO de la secci\u00f3n bil\u00edng\u00fce realizaron su viaje-intercambio a Francia. Los 39 alumnos desplazados a Pontcharra estuvieron alojados en viviendas de familias cuyos hijos son alumnos del centro Pierre de Terrail. Entre otras actividades realizaron 3 d\u00edas de curso de esqu\u00ed en la Estaci\u00f3n alpina de Le Collet d\u00b4Allevard; visita de la ciudad de Annecy; asistencia a clases del centro; y otras actividades programadas por las propias familias en los d\u00edas que han estado alojados en las viviendas francesas.<\/p>\n<p style=\"text-align: justify;\">Destacar que fueron recibidos por la adjunta del alcalde del Ayuntamiento de Pontcharra D\u00f1a. Sandrine Simonato, el 6 de febrero de 2019 en las dependecias de la alcald\u00eda, para dar la bienvenida a la ciudad. Agradeci\u00f3 la confianza que el centro IES Ben Arab\u00ed lleva depositando durante m\u00e1s de 15 a\u00f1os en el IES Pierre de Terrail de esta localidad, destacando los valores de cooperaci\u00f3n, solidaridad, tolerancia, y haciendo hincapi\u00e9 en la labor de apertura a otras culturas, nuevos espacios de comunicaci\u00f3n, conocimiento de otras lenguas que los intercambios, entre los dos centros, consiguen reforzar. Adem\u00e1s, intervinieron profesores de ambas instituciones que transmitieron la importancia de aprovechar los intercambios para crea lazos duraderos de relaci\u00f3n y comunicaci\u00f3n entre las familias y como m\u00e9todo de aprender y vivir nuevas experiencias a nivel internacional tanto sociales como educativas.<\/p>\n<p style=\"text-align: justify;\">La visita culmin\u00f3 con un aperitivo ofrecido a los estudiantes y profesores participantes en el acto con productos t\u00edpicos de la comarca como el queso, pan casero, embutidos y pat\u00e9s, adem\u00e1s de dulces tradicionales elaborados por confiteros locales.<\/p>\n<div id='gallery-1' class='gallery galleryid-6440 gallery-columns-3 gallery-size-thumbnail'><figure class='gallery-item'>\n\t\t\t<div class='gallery-icon landscape'>\n\t\t\t\t<a href='https:\/\/www.benarabi.org\/?attachment_id=6441'><img loading=\"lazy\" decoding=\"async\" width=\"250\" height=\"141\" src=\"https:\/\/www.benarabi.org\/wp-content\/uploads\/2019\/02\/francia-3-4-principal-250x141.jpg\" class=\"attachment-thumbnail size-thumbnail\" alt=\"\" srcset=\"https:\/\/www.benarabi.org\/wp-content\/uploads\/2019\/02\/francia-3-4-principal-250x141.jpg 250w, https:\/\/www.benarabi.org\/wp-content\/uploads\/2019\/02\/francia-3-4-principal-850x478.jpg 850w, https:\/\/www.benarabi.org\/wp-content\/uploads\/2019\/02\/francia-3-4-principal-1200x675.jpg 1200w\" sizes=\"auto, (max-width: 250px) 100vw, 250px\" \/><\/a>\n\t\t\t<\/div><\/figure><figure class='gallery-item'>\n\t\t\t<div class='gallery-icon landscape'>\n\t\t\t\t<a href='https:\/\/www.benarabi.org\/?attachment_id=6442'><img loading=\"lazy\" decoding=\"async\" width=\"250\" height=\"141\" src=\"https:\/\/www.benarabi.org\/wp-content\/uploads\/2019\/02\/intercambio-Francia-3-4-eso-250x141.png\" class=\"attachment-thumbnail size-thumbnail\" alt=\"\" srcset=\"https:\/\/www.benarabi.org\/wp-content\/uploads\/2019\/02\/intercambio-Francia-3-4-eso-250x141.png 250w, https:\/\/www.benarabi.org\/wp-content\/uploads\/2019\/02\/intercambio-Francia-3-4-eso-850x478.png 850w\" sizes=\"auto, (max-width: 250px) 100vw, 250px\" \/><\/a>\n\t\t\t<\/div><\/figure><figure class='gallery-item'>\n\t\t\t<div class='gallery-icon landscape'>\n\t\t\t\t<a href='https:\/\/www.benarabi.org\/?attachment_id=6443'><img loading=\"lazy\" decoding=\"async\" width=\"250\" height=\"141\" src=\"https:\/\/www.benarabi.org\/wp-content\/uploads\/2019\/02\/francia-3-4-eso-250x141.jpg\" class=\"attachment-thumbnail size-thumbnail\" alt=\"\" srcset=\"https:\/\/www.benarabi.org\/wp-content\/uploads\/2019\/02\/francia-3-4-eso-250x141.jpg 250w, https:\/\/www.benarabi.org\/wp-content\/uploads\/2019\/02\/francia-3-4-eso-850x478.jpg 850w, https:\/\/www.benarabi.org\/wp-content\/uploads\/2019\/02\/francia-3-4-eso-1200x675.jpg 1200w\" sizes=\"auto, (max-width: 250px) 100vw, 250px\" \/><\/a>\n\t\t\t<\/div><\/figure>\n\t\t<\/div>\n\n","protected":false},"excerpt":{"rendered":"<p>Del 2 al 11 de febrero los alumnos de 3\u00ba y 4\u00ba ESO de la secci\u00f3n bil\u00edng\u00fce realizaron su viaje-intercambio a Francia. Los 39 alumnos desplazados a Pontcharra estuvieron alojados en viviendas de familias cuyos hijos son alumnos del centro Pierre de Terrail. Entre otras actividades realizaron 3 d\u00edas de curso de esqu\u00ed en la [&hellip;]<\/p>\n","protected":false},"author":1,"featured_media":0,"comment_status":"closed","ping_status":"open","sticky":false,"template":"","format":"standard","meta":{"footnotes":""},"categories":[1],"tags":[],"class_list":["post-6440","post","type-post","status-publish","format-standard","hentry","category-sin-categoria"],"_links":{"self":[{"href":"https:\/\/www.benarabi.org\/index.php?rest_route=\/wp\/v2\/posts\/6440","targetHints":{"allow":["GET"]}}],"collection":[{"href":"https:\/\/www.benarabi.org\/index.php?rest_route=\/wp\/v2\/posts"}],"about":[{"href":"https:\/\/www.benarabi.org\/index.php?rest_route=\/wp\/v2\/types\/post"}],"author":[{"embeddable":true,"href":"https:\/\/www.benarabi.org\/index.php?rest_route=\/wp\/v2\/users\/1"}],"replies":[{"embeddable":true,"href":"https:\/\/www.benarabi.org\/index.php?rest_route=%2Fwp%2Fv2%2Fcomments&post=6440"}],"version-history":[{"count":2,"href":"https:\/\/www.benarabi.org\/index.php?rest_route=\/wp\/v2\/posts\/6440\/revisions"}],"predecessor-version":[{"id":6450,"href":"https:\/\/www.benarabi.org\/index.php?rest_route=\/wp\/v2\/posts\/6440\/revisions\/6450"}],"wp:attachment":[{"href":"https:\/\/www.benarabi.org\/index.php?rest_route=%2Fwp%2Fv2%2Fmedia&parent=6440"}],"wp:term":[{"taxonomy":"category","embeddable":true,"href":"https:\/\/www.benarabi.org\/index.php?rest_route=%2Fwp%2Fv2%2Fcategories&post=6440"},{"taxonomy":"post_tag","embeddable":true,"href":"https:\/\/www.benarabi.org\/index.php?rest_route=%2Fwp%2Fv2%2Ftags&post=6440"}],"curies":[{"name":"wp","href":"https:\/\/api.w.org\/{rel}","templated":true}]}}