{"id":6495,"date":"2019-05-07T10:26:24","date_gmt":"2019-05-07T08:26:24","guid":{"rendered":"http:\/\/www.benarabi.org\/?p=6495"},"modified":"2019-05-07T18:42:34","modified_gmt":"2019-05-07T16:42:34","slug":"vii-semana-de-la-musica-y-la-danza-2","status":"publish","type":"post","link":"https:\/\/www.benarabi.org\/?p=6495","title":{"rendered":"VIII Semana de la M\u00fasica y la Danza"},"content":{"rendered":"<p style=\"margin: 0cm 0cm 0.0001pt; text-align: justify; background: white;\"><a href=\"http:\/\/www.benarabi.org\/wp-content\/uploads\/2019\/05\/conservatorio-1-e1557217534284.jpg\"><img loading=\"lazy\" decoding=\"async\" class=\"alignleft size-full wp-image-6496\" src=\"http:\/\/www.benarabi.org\/wp-content\/uploads\/2019\/05\/conservatorio-1-e1557217534284.jpg\" alt=\"\" width=\"150\" height=\"96\" \/><\/a>Del 8 al 10 de mayo, tendr\u00e1 lugar la <strong>VIII<\/strong><span class=\"apple-converted-space\">\u00a0<\/span><strong>Semana<\/strong><span class=\"apple-converted-space\"><b>\u00a0<\/b><\/span><strong>de la M\u00fasica y la Danza del IES Ben Arab\u00ed. \u00a0<\/strong>En esta ocasi\u00f3n, contar\u00e1 con diversas actuaciones musicales y de danza a cargo de alumnos de nuestro Centro. Las actuaciones tendr\u00e1n lugar en el patio central del instituto y en el Auditorio del Conservatorio de M\u00fasica. Durante estos d\u00edas invitamos a disfrutar de estas actividades a toda la Comunidad Educativa.<\/p>\n<p style=\"margin: 0cm 0cm 0.0001pt; text-align: justify; background: white;\">Esta iniciativa est\u00e1 organizada por el Departamento de M\u00fasica con la colaboraci\u00f3n del Departamento de Actividades Complementarias.<\/p>\n<p style=\"margin: 0cm 0cm 0.0001pt; text-align: justify; background: white;\">Para m\u00e1s informaci\u00f3n sobre horario y actuaciones, puedes<span class=\"apple-converted-space\">\u00a0ver el <a href=\"http:\/\/www.benarabi.org\/wp-content\/uploads\/2019\/05\/VIII-SEMANA-DE-LA-M\u00daSICA-Y-LA-DANZA-2019-IES-BEN-ARAB\u00cd.pdf\">d\u00edptico detallado<\/a>.<\/span><\/p>\n","protected":false},"excerpt":{"rendered":"<p>Del 8 al 10 de mayo, tendr\u00e1 lugar la VIII\u00a0Semana\u00a0de la M\u00fasica y la Danza del IES Ben Arab\u00ed. \u00a0En esta ocasi\u00f3n, contar\u00e1 con diversas actuaciones musicales y de danza a cargo de alumnos de nuestro Centro. Las actuaciones tendr\u00e1n lugar en el patio central del instituto y en el Auditorio del Conservatorio de M\u00fasica. [&hellip;]<\/p>\n","protected":false},"author":1,"featured_media":0,"comment_status":"closed","ping_status":"open","sticky":false,"template":"","format":"standard","meta":{"footnotes":""},"categories":[1],"tags":[],"class_list":["post-6495","post","type-post","status-publish","format-standard","hentry","category-sin-categoria"],"_links":{"self":[{"href":"https:\/\/www.benarabi.org\/index.php?rest_route=\/wp\/v2\/posts\/6495","targetHints":{"allow":["GET"]}}],"collection":[{"href":"https:\/\/www.benarabi.org\/index.php?rest_route=\/wp\/v2\/posts"}],"about":[{"href":"https:\/\/www.benarabi.org\/index.php?rest_route=\/wp\/v2\/types\/post"}],"author":[{"embeddable":true,"href":"https:\/\/www.benarabi.org\/index.php?rest_route=\/wp\/v2\/users\/1"}],"replies":[{"embeddable":true,"href":"https:\/\/www.benarabi.org\/index.php?rest_route=%2Fwp%2Fv2%2Fcomments&post=6495"}],"version-history":[{"count":2,"href":"https:\/\/www.benarabi.org\/index.php?rest_route=\/wp\/v2\/posts\/6495\/revisions"}],"predecessor-version":[{"id":6499,"href":"https:\/\/www.benarabi.org\/index.php?rest_route=\/wp\/v2\/posts\/6495\/revisions\/6499"}],"wp:attachment":[{"href":"https:\/\/www.benarabi.org\/index.php?rest_route=%2Fwp%2Fv2%2Fmedia&parent=6495"}],"wp:term":[{"taxonomy":"category","embeddable":true,"href":"https:\/\/www.benarabi.org\/index.php?rest_route=%2Fwp%2Fv2%2Fcategories&post=6495"},{"taxonomy":"post_tag","embeddable":true,"href":"https:\/\/www.benarabi.org\/index.php?rest_route=%2Fwp%2Fv2%2Ftags&post=6495"}],"curies":[{"name":"wp","href":"https:\/\/api.w.org\/{rel}","templated":true}]}}