{"id":6500,"date":"2019-05-08T13:30:59","date_gmt":"2019-05-08T11:30:59","guid":{"rendered":"http:\/\/www.benarabi.org\/?p=6500"},"modified":"2019-05-08T13:30:59","modified_gmt":"2019-05-08T11:30:59","slug":"el-ies-ben-arabi-hacia-un-modelo-ecologico","status":"publish","type":"post","link":"https:\/\/www.benarabi.org\/?p=6500","title":{"rendered":"El IES. Ben Arabi: Hacia un modelo ecol\u00f3gico"},"content":{"rendered":"<p style=\"text-align: justify;\"><a href=\"http:\/\/www.benarabi.org\/wp-content\/uploads\/2019\/05\/ecoinnovacion-educativa-fundacion-endesa-e1557314977866.jpg\"><img loading=\"lazy\" decoding=\"async\" class=\"alignleft size-full wp-image-6504\" src=\"http:\/\/www.benarabi.org\/wp-content\/uploads\/2019\/05\/ecoinnovacion-educativa-fundacion-endesa-e1557314977866.jpg\" alt=\"\" width=\"150\" height=\"60\" \/><\/a>El IES. Ben Arabi ha participado en la convocatoria del concurso nacional \u201cPremios Fundaci\u00f3n ENDESA a la Ecoinnovaci\u00f3n Educativa 2018-19\u201d con el Proyecto que lleva por nombre \u201cEl IES. Ben Arabi: Hacia un modelo ecol\u00f3gico\u201d en la Categor\u00eda 3: \u00bfC\u00f3mo mejorar\u00edas tu entorno?<\/p>\n<p style=\"text-align: justify;\">Profesores y alumnos han desarrollado un proyecto en el que se explica la trayectoria del Centro en relaci\u00f3n a su compromiso ecol\u00f3gico a lo largo de estos \u00faltimos a\u00f1os. Para ello se han enumerado detalladamente todas las iniciativas y actuaciones llevadas a cabo \u00a0que han trascendido en el Centro, mejorando nuestro entorno y aportando el bien com\u00fan. Las numerosas iniciativas llevadas a cabo comprenden todo tipo de acciones con objetivos tanto educativos como econ\u00f3micos,\u00a0 sociales y medioambientales.<\/p>\n<p style=\"text-align: justify;\">El Proyecto adem\u00e1s incluye 2 Anexos y un v\u00eddeo. En el Anexo I se ha realizado un estudio sobre los h\u00e1bitos ecol\u00f3gicos de los alumnos del IES: Ben Arabi. Para ello se ha realizado una encuesta a m\u00e1s de 300 alumnos del centro. En el Anexo II se ha realizado una serie de actividades para lanzar una Campa\u00f1a de sensibilizaci\u00f3n sobre los aspectos que se han detectado m\u00e1s importantes: reciclaje, uso de transportes colectivos,\u2026En el v\u00eddeo se han recopilado todas las iniciativas realizadas en im\u00e1genes.<\/p>\n<p style=\"text-align: justify;\">El IES. Ben Arab\u00ed apuesta por un modelo de direcci\u00f3n que incluya un compromiso con los alumnos y sus familias, no s\u00f3lo educativo sino medioambiental. Y para ello va a continuar ampliando y mejorando iniciativas con el fin de implantar una \u201ccultura ecol\u00f3gica\u201d en nuestra Comunidad Educativa.<\/p>\n<p style=\"text-align: justify;\">\n<p style=\"text-align: justify;\">Si quieres ver el Proyecto, <a href=\"http:\/\/www.benarabi.org\/wp-content\/uploads\/2019\/05\/IES-BEN-ARABI_III-PREMIO-FUNDACION-ENDESA-ECOINNOVACI\u00d3N-EDUCATIVA-1.pdf\">pincha aqu\u00ed<\/a>.<\/p>\n<p style=\"text-align: justify;\">Si quieres ver el Anexo I, <a href=\"http:\/\/www.benarabi.org\/wp-content\/uploads\/2019\/05\/ANEXO-I_Encuesta_An\u00e1lisis-resultados-1.pdf\">pincha aqu\u00ed<\/a><\/p>\n<p style=\"text-align: justify;\">Si quieres ver el Anexo II, <a href=\"http:\/\/www.benarabi.org\/wp-content\/uploads\/2019\/05\/ANEXO-II_Campa\u00f1a-_concienciaci\u00f3n_compressed.pdf\">pincha aqu\u00ed<\/a>.<\/p>\n<p style=\"text-align: justify;\">Si quieres ver el v\u00eddeo, <a href=\"https:\/\/www.youtube.com\/watch?v=LDsR9SBCCPg\" target=\"_blank\" rel=\"noopener\">pincha aqu\u00ed<\/a>.<\/p>\n","protected":false},"excerpt":{"rendered":"<p>El IES. Ben Arabi ha participado en la convocatoria del concurso nacional \u201cPremios Fundaci\u00f3n ENDESA a la Ecoinnovaci\u00f3n Educativa 2018-19\u201d con el Proyecto que lleva por nombre \u201cEl IES. Ben Arabi: Hacia un modelo ecol\u00f3gico\u201d en la Categor\u00eda 3: \u00bfC\u00f3mo mejorar\u00edas tu entorno? Profesores y alumnos han desarrollado un proyecto en el que se explica [&hellip;]<\/p>\n","protected":false},"author":1,"featured_media":0,"comment_status":"closed","ping_status":"open","sticky":false,"template":"","format":"standard","meta":{"footnotes":""},"categories":[1],"tags":[],"class_list":["post-6500","post","type-post","status-publish","format-standard","hentry","category-sin-categoria"],"_links":{"self":[{"href":"https:\/\/www.benarabi.org\/index.php?rest_route=\/wp\/v2\/posts\/6500","targetHints":{"allow":["GET"]}}],"collection":[{"href":"https:\/\/www.benarabi.org\/index.php?rest_route=\/wp\/v2\/posts"}],"about":[{"href":"https:\/\/www.benarabi.org\/index.php?rest_route=\/wp\/v2\/types\/post"}],"author":[{"embeddable":true,"href":"https:\/\/www.benarabi.org\/index.php?rest_route=\/wp\/v2\/users\/1"}],"replies":[{"embeddable":true,"href":"https:\/\/www.benarabi.org\/index.php?rest_route=%2Fwp%2Fv2%2Fcomments&post=6500"}],"version-history":[{"count":1,"href":"https:\/\/www.benarabi.org\/index.php?rest_route=\/wp\/v2\/posts\/6500\/revisions"}],"predecessor-version":[{"id":6505,"href":"https:\/\/www.benarabi.org\/index.php?rest_route=\/wp\/v2\/posts\/6500\/revisions\/6505"}],"wp:attachment":[{"href":"https:\/\/www.benarabi.org\/index.php?rest_route=%2Fwp%2Fv2%2Fmedia&parent=6500"}],"wp:term":[{"taxonomy":"category","embeddable":true,"href":"https:\/\/www.benarabi.org\/index.php?rest_route=%2Fwp%2Fv2%2Fcategories&post=6500"},{"taxonomy":"post_tag","embeddable":true,"href":"https:\/\/www.benarabi.org\/index.php?rest_route=%2Fwp%2Fv2%2Ftags&post=6500"}],"curies":[{"name":"wp","href":"https:\/\/api.w.org\/{rel}","templated":true}]}}