{"id":6511,"date":"2019-05-16T12:40:03","date_gmt":"2019-05-16T10:40:03","guid":{"rendered":"http:\/\/www.benarabi.org\/?p=6511"},"modified":"2019-05-16T12:40:03","modified_gmt":"2019-05-16T10:40:03","slug":"pruebas-de-la-evaluacion-de-diagnostico-2o-eso-para-el-curso-2018-19","status":"publish","type":"post","link":"https:\/\/www.benarabi.org\/?p=6511","title":{"rendered":"Pruebas de la Evaluaci\u00f3n de Diagn\u00f3stico 2\u00ba ESO para el curso 2018-19"},"content":{"rendered":"<p style=\"text-align: justify;\"><a href=\"http:\/\/www.benarabi.org\/wp-content\/uploads\/2019\/05\/evaluacion-diagnostico-18-19-e1558003074730.jpg\"><img loading=\"lazy\" decoding=\"async\" class=\"alignleft size-full wp-image-6512\" src=\"http:\/\/www.benarabi.org\/wp-content\/uploads\/2019\/05\/evaluacion-diagnostico-18-19-e1558003074730.jpg\" alt=\"\" width=\"150\" height=\"73\" \/><\/a>La\u00a0Evaluaci\u00f3n de Diagn\u00f3stico\u00a0para el curso escolar 2018-2019\u00a0que realizar\u00e1 el alumnado de\u00a0<strong>2\u00ba ESO<\/strong>\u00a0tendr\u00e1 lugar\u00a0el <strong>jueves 23 de mayo \u00a0<\/strong><strong>de 2019<\/strong>. Ser\u00e1 evaluada la\u00a0<strong>Competencia Matem\u00e1tica<\/strong>.<\/p>\n<p style=\"text-align: justify;\">El Servicio de Evaluaci\u00f3n y Calidad Educativa ha publicado en el portal educativo Educarm (www.educarm.es) el marco te\u00f3rico de la \u00a0competencia\u00a0a evaluar que ha servido de referencia para la elaboraci\u00f3n de las\u00a0pruebas, as\u00ed como los horarios e instrucciones de aplicaci\u00f3n, los materiales de apoyo para la difusi\u00f3n y cuanta informaci\u00f3n se considere necesaria para el normal desarrollo de la aplicaci\u00f3n de las pruebas de la evaluaci\u00f3n de diagn\u00f3stico del curso 2018-2019.<\/p>\n<p style=\"text-align: justify;\">Si quieres ver la informaci\u00f3n completa de la resoluci\u00f3n, <a href=\"http:\/\/www.benarabi.org\/wp-content\/uploads\/2019\/05\/ResolucinEVIsSecundaria2019DEFCOPIA.pdf\" target=\"_blank\" rel=\"noopener\">pincha aqu\u00ed<\/a>.<\/p>\n<p style=\"text-align: justify;\">Si quieres ver el\u00a0folleto informativo\u00a0para las familias, <a href=\"http:\/\/www.benarabi.org\/wp-content\/uploads\/2019\/05\/FOLLETOS-FAMILIAS-EVI-2\u00ba-ESO-.pdf\" target=\"_blank\" rel=\"noopener\">pincha aqu\u00ed<\/a>.<\/p>\n<p style=\"text-align: justify;\">Si quieres ver el\u00a0marco te\u00f3rico\u00a0de la Eval.\u00a0Diagn\u00f3stico de la Competencia Matem\u00e1tica,\u00a0<a href=\"http:\/\/www.benarabi.org\/wp-content\/uploads\/2019\/05\/Marco-te\u00f3rico-2\u00ba-ESO-2018-19.pdf\" target=\"_blank\" rel=\"noopener\">pincha aqu\u00ed<\/a>.<\/p>\n","protected":false},"excerpt":{"rendered":"<p>La\u00a0Evaluaci\u00f3n de Diagn\u00f3stico\u00a0para el curso escolar 2018-2019\u00a0que realizar\u00e1 el alumnado de\u00a02\u00ba ESO\u00a0tendr\u00e1 lugar\u00a0el jueves 23 de mayo \u00a0de 2019. Ser\u00e1 evaluada la\u00a0Competencia Matem\u00e1tica. El Servicio de Evaluaci\u00f3n y Calidad Educativa ha publicado en el portal educativo Educarm (www.educarm.es) el marco te\u00f3rico de la \u00a0competencia\u00a0a evaluar que ha servido de referencia para la elaboraci\u00f3n de las\u00a0pruebas, [&hellip;]<\/p>\n","protected":false},"author":1,"featured_media":0,"comment_status":"closed","ping_status":"open","sticky":false,"template":"","format":"standard","meta":{"footnotes":""},"categories":[1],"tags":[],"class_list":["post-6511","post","type-post","status-publish","format-standard","hentry","category-sin-categoria"],"_links":{"self":[{"href":"https:\/\/www.benarabi.org\/index.php?rest_route=\/wp\/v2\/posts\/6511","targetHints":{"allow":["GET"]}}],"collection":[{"href":"https:\/\/www.benarabi.org\/index.php?rest_route=\/wp\/v2\/posts"}],"about":[{"href":"https:\/\/www.benarabi.org\/index.php?rest_route=\/wp\/v2\/types\/post"}],"author":[{"embeddable":true,"href":"https:\/\/www.benarabi.org\/index.php?rest_route=\/wp\/v2\/users\/1"}],"replies":[{"embeddable":true,"href":"https:\/\/www.benarabi.org\/index.php?rest_route=%2Fwp%2Fv2%2Fcomments&post=6511"}],"version-history":[{"count":1,"href":"https:\/\/www.benarabi.org\/index.php?rest_route=\/wp\/v2\/posts\/6511\/revisions"}],"predecessor-version":[{"id":6516,"href":"https:\/\/www.benarabi.org\/index.php?rest_route=\/wp\/v2\/posts\/6511\/revisions\/6516"}],"wp:attachment":[{"href":"https:\/\/www.benarabi.org\/index.php?rest_route=%2Fwp%2Fv2%2Fmedia&parent=6511"}],"wp:term":[{"taxonomy":"category","embeddable":true,"href":"https:\/\/www.benarabi.org\/index.php?rest_route=%2Fwp%2Fv2%2Fcategories&post=6511"},{"taxonomy":"post_tag","embeddable":true,"href":"https:\/\/www.benarabi.org\/index.php?rest_route=%2Fwp%2Fv2%2Ftags&post=6511"}],"curies":[{"name":"wp","href":"https:\/\/api.w.org\/{rel}","templated":true}]}}