{"id":6518,"date":"2019-05-22T19:18:13","date_gmt":"2019-05-22T17:18:13","guid":{"rendered":"http:\/\/www.benarabi.org\/?p=6518"},"modified":"2019-05-22T19:18:13","modified_gmt":"2019-05-22T17:18:13","slug":"acto-de-graduacion-de-alumnos-de-2o-bachillerato-4","status":"publish","type":"post","link":"https:\/\/www.benarabi.org\/?p=6518","title":{"rendered":"Acto de Graduaci\u00f3n de alumnos de 2\u00ba Bachillerato"},"content":{"rendered":"<p style=\"text-align: justify;\">Este a\u00f1o, co<a href=\"http:\/\/www.benarabi.org\/wp-content\/uploads\/2019\/05\/acto-graduacion-foto-e1558545426774.jpg\"><img loading=\"lazy\" decoding=\"async\" class=\"alignleft size-full wp-image-6519\" src=\"http:\/\/www.benarabi.org\/wp-content\/uploads\/2019\/05\/acto-graduacion-foto-e1558545426774.jpg\" alt=\"\" width=\"150\" height=\"85\" \/><\/a>mo en cursos anteriores, hemos organizado un acto de graduaci\u00f3n de los alumnos de 2\u00ba de Bachillerato. Con este acto queremos hacer un reconocimiento a los alumnos, que a lo largo de estos seis \u00faltimos a\u00f1os, han completado sus estudios en nuestro centro. Durante el mismo, se har\u00e1 entrega a cada alumno de un diploma de Bachillerato.<\/p>\n<p style=\"text-align: justify;\">El acto tendr\u00e1 lugar en el vest\u00edbulo del Instituto el viernes\u00a0<strong>24 de mayo a las 19.30 horas. <\/strong>Es un acto abierto, y estar\u00edamos encantados si los padres y familiares de los alumnos estuvieran presentes durante el mismo, para acompa\u00f1ar a sus hijos en este momento tan especial.<\/p>\n<p style=\"text-align: justify;\">Esperamos contar con la presencia de todos los alumnos y sus familiares, as\u00ed como de los profesores que les han acompa\u00f1ado durante estos a\u00f1os en el IES Ben Arab\u00ed.<\/p>\n<p style=\"text-align: justify;\">Os esperamos a todos.<\/p>\n<p style=\"text-align: justify;\">Si quieres ver el Programa detallado del acto, <a href=\"http:\/\/www.benarabi.org\/wp-content\/uploads\/2019\/05\/PROGRAMA-ACTO-GRADUACI\u00d3N-2\u00ba-BACHILLERATO-2019.pdf\">pincha aqu\u00ed<\/a>.<\/p>\n","protected":false},"excerpt":{"rendered":"<p>Este a\u00f1o, como en cursos anteriores, hemos organizado un acto de graduaci\u00f3n de los alumnos de 2\u00ba de Bachillerato. Con este acto queremos hacer un reconocimiento a los alumnos, que a lo largo de estos seis \u00faltimos a\u00f1os, han completado sus estudios en nuestro centro. Durante el mismo, se har\u00e1 entrega a cada alumno de [&hellip;]<\/p>\n","protected":false},"author":1,"featured_media":0,"comment_status":"closed","ping_status":"open","sticky":false,"template":"","format":"standard","meta":{"footnotes":""},"categories":[1],"tags":[],"class_list":["post-6518","post","type-post","status-publish","format-standard","hentry","category-sin-categoria"],"_links":{"self":[{"href":"https:\/\/www.benarabi.org\/index.php?rest_route=\/wp\/v2\/posts\/6518","targetHints":{"allow":["GET"]}}],"collection":[{"href":"https:\/\/www.benarabi.org\/index.php?rest_route=\/wp\/v2\/posts"}],"about":[{"href":"https:\/\/www.benarabi.org\/index.php?rest_route=\/wp\/v2\/types\/post"}],"author":[{"embeddable":true,"href":"https:\/\/www.benarabi.org\/index.php?rest_route=\/wp\/v2\/users\/1"}],"replies":[{"embeddable":true,"href":"https:\/\/www.benarabi.org\/index.php?rest_route=%2Fwp%2Fv2%2Fcomments&post=6518"}],"version-history":[{"count":1,"href":"https:\/\/www.benarabi.org\/index.php?rest_route=\/wp\/v2\/posts\/6518\/revisions"}],"predecessor-version":[{"id":6521,"href":"https:\/\/www.benarabi.org\/index.php?rest_route=\/wp\/v2\/posts\/6518\/revisions\/6521"}],"wp:attachment":[{"href":"https:\/\/www.benarabi.org\/index.php?rest_route=%2Fwp%2Fv2%2Fmedia&parent=6518"}],"wp:term":[{"taxonomy":"category","embeddable":true,"href":"https:\/\/www.benarabi.org\/index.php?rest_route=%2Fwp%2Fv2%2Fcategories&post=6518"},{"taxonomy":"post_tag","embeddable":true,"href":"https:\/\/www.benarabi.org\/index.php?rest_route=%2Fwp%2Fv2%2Ftags&post=6518"}],"curies":[{"name":"wp","href":"https:\/\/api.w.org\/{rel}","templated":true}]}}