{"id":6522,"date":"2019-05-23T13:01:12","date_gmt":"2019-05-23T11:01:12","guid":{"rendered":"http:\/\/www.benarabi.org\/?p=6522"},"modified":"2019-05-23T13:27:32","modified_gmt":"2019-05-23T11:27:32","slug":"ayudas-al-estudio-eso","status":"publish","type":"post","link":"https:\/\/www.benarabi.org\/?p=6522","title":{"rendered":"Ayudas al estudio ESO"},"content":{"rendered":"<p style=\"text-align: justify;\"><a href=\"http:\/\/www.benarabi.org\/wp-content\/uploads\/2019\/05\/descarga-e1558610837136.jpg\"><img loading=\"lazy\" decoding=\"async\" class=\"alignleft size-full wp-image-6529\" src=\"http:\/\/www.benarabi.org\/wp-content\/uploads\/2019\/05\/descarga-e1558610837136.jpg\" alt=\"\" width=\"150\" height=\"139\" \/><\/a>Se han convocado ayudas al estudio para el alumnado de los niveles obligatorios de la ense\u00f1anza, escolarizado en centros sostenidos con fondos p\u00fablicos radicados en la Comunidad Aut\u00f3noma de la Regi\u00f3n de Murcia, para el curso 2019-20.<\/p>\n<p style=\"text-align: justify;\">El plazo ordinario de presentaci\u00f3n de solicitudes ser\u00e1 de 15 d\u00edas h\u00e1biles a contar desde el siguiente al de la publicaci\u00f3n del extracto de la presente Orden en el Bolet\u00edn Oficial de la Regi\u00f3n de Murcia. Dicho plazo es de aplicaci\u00f3n a todos los alumnos que se encuentren matriculados en centros educativos de la Comunidad Aut\u00f3noma de la Regi\u00f3n de Murcia, a la fecha de publicaci\u00f3n de esta convocatoria.<\/p>\n<p style=\"text-align: justify;\"><strong>Plazo de presentaci\u00f3n: del 24 de mayo al 14 de junio<\/strong><\/p>\n<p>Si quieres ver la Orden completa, <a href=\"http:\/\/www.benarabi.org\/wp-content\/uploads\/2019\/05\/ORDEN-CONVOCATORIA-AYUDAS-AL-ESTUDIO-Y-ANEXOS-.pdf\">pincha aqu\u00ed<\/a>.<\/p>\n<p>Si quieres ver el extracto de la Orden, <a href=\"http:\/\/www.benarabi.org\/wp-content\/uploads\/2019\/05\/EXTRACTO_AYUDAS-AL-ESTUDIO-2019-20-.pdf\">pincha aqu\u00ed<\/a>.<\/p>\n","protected":false},"excerpt":{"rendered":"<p>Se han convocado ayudas al estudio para el alumnado de los niveles obligatorios de la ense\u00f1anza, escolarizado en centros sostenidos con fondos p\u00fablicos radicados en la Comunidad Aut\u00f3noma de la Regi\u00f3n de Murcia, para el curso 2019-20. El plazo ordinario de presentaci\u00f3n de solicitudes ser\u00e1 de 15 d\u00edas h\u00e1biles a contar desde el siguiente al [&hellip;]<\/p>\n","protected":false},"author":1,"featured_media":0,"comment_status":"closed","ping_status":"open","sticky":false,"template":"","format":"standard","meta":{"footnotes":""},"categories":[1],"tags":[],"class_list":["post-6522","post","type-post","status-publish","format-standard","hentry","category-sin-categoria"],"_links":{"self":[{"href":"https:\/\/www.benarabi.org\/index.php?rest_route=\/wp\/v2\/posts\/6522","targetHints":{"allow":["GET"]}}],"collection":[{"href":"https:\/\/www.benarabi.org\/index.php?rest_route=\/wp\/v2\/posts"}],"about":[{"href":"https:\/\/www.benarabi.org\/index.php?rest_route=\/wp\/v2\/types\/post"}],"author":[{"embeddable":true,"href":"https:\/\/www.benarabi.org\/index.php?rest_route=\/wp\/v2\/users\/1"}],"replies":[{"embeddable":true,"href":"https:\/\/www.benarabi.org\/index.php?rest_route=%2Fwp%2Fv2%2Fcomments&post=6522"}],"version-history":[{"count":3,"href":"https:\/\/www.benarabi.org\/index.php?rest_route=\/wp\/v2\/posts\/6522\/revisions"}],"predecessor-version":[{"id":6530,"href":"https:\/\/www.benarabi.org\/index.php?rest_route=\/wp\/v2\/posts\/6522\/revisions\/6530"}],"wp:attachment":[{"href":"https:\/\/www.benarabi.org\/index.php?rest_route=%2Fwp%2Fv2%2Fmedia&parent=6522"}],"wp:term":[{"taxonomy":"category","embeddable":true,"href":"https:\/\/www.benarabi.org\/index.php?rest_route=%2Fwp%2Fv2%2Fcategories&post=6522"},{"taxonomy":"post_tag","embeddable":true,"href":"https:\/\/www.benarabi.org\/index.php?rest_route=%2Fwp%2Fv2%2Ftags&post=6522"}],"curies":[{"name":"wp","href":"https:\/\/api.w.org\/{rel}","templated":true}]}}