{"id":6532,"date":"2019-05-31T13:04:37","date_gmt":"2019-05-31T11:04:37","guid":{"rendered":"http:\/\/www.benarabi.org\/?p=6532"},"modified":"2019-06-03T14:19:16","modified_gmt":"2019-06-03T12:19:16","slug":"entrega-de-premios-del-ii-certamen-literario-viento-del-pueblo","status":"publish","type":"post","link":"https:\/\/www.benarabi.org\/?p=6532","title":{"rendered":"Entrega de premios del II Certamen Literario Viento del Pueblo"},"content":{"rendered":"<p style=\"text-align: justify;\"><a href=\"http:\/\/www.benarabi.org\/wp-content\/uploads\/2019\/05\/20190516_131959.jpg\"><img loading=\"lazy\" decoding=\"async\" class=\"alignleft wp-image-6533 size-full\" src=\"http:\/\/www.benarabi.org\/wp-content\/uploads\/2019\/05\/20190516_131959-e1559300626194.jpg\" alt=\"\" width=\"150\" height=\"75\" \/><\/a>El d\u00eda 16 de mayo tuvo lugar el acto de entrega de los premios del II Certamen Viento del Pueblo en homenaje al poeta oriolano Miguel Hern\u00e1ndez. El concurso se organiza desde los centros de secundaria Ben Arab\u00ed y Mediterr\u00e1neo de Cartagena. Esta segunda edici\u00f3n ha tenido como mecenas a la Fundaci\u00f3n Cultural Miguel Hern\u00e1ndez de Orihuela, cuyo director es el fil\u00f3logo Aitor L. Larrabide. Adem\u00e1s de con su presencia, el acto cont\u00f3 con la asistencia y participaci\u00f3n de la Concejala de Educaci\u00f3n del Ayuntamiento de Cartagena,\u00a0 Mercedes Garc\u00eda, de los directores de los centros organizadores, Jos\u00e9 Garc\u00eda y Manuel D\u00edaz, de los jefes de los Departamentos de Lengua Castellana y Literatura de sendos institutos, Enrique Pineda y Ascensi\u00f3n Mart\u00ednez, y del profesor de Geograf\u00eda e Historia y Cronista Oficial de la ciudad de Cartagena, Francisco Jos\u00e9 Franco.<\/p>\n<p style=\"text-align: justify;\">El acto estuvo organizado en tres partes. En la primera, tomaron la palabra las distintas autoridades. Se resalt\u00f3 la importancia de seguir fomentando la lectura y la escritura, con vistas a crear ciudadanos cr\u00edticos para el d\u00eda de ma\u00f1ana, pues ellos son la herencia de los poetas. Adem\u00e1s se ley\u00f3 la dedicatoria del libro <em>Viento del pueblo, <\/em>que le dedic\u00f3 Hern\u00e1ndez a Aleixandre, as\u00ed como los poemas \u201cLlamo a la juventud\u201d y \u201cCartas\u201d. Asimismo, se resalt\u00f3 el aumento de trabajos participantes, dado que este a\u00f1o han sido 123 los presentados: 88 en la categor\u00eda de primero a tercero de ESO y 35 en la de 4\u00ba de ESO y Bachillerato. En total, han participado 15 centros educativos de todas las zonas de la Regi\u00f3n de Murcia.<\/p>\n<p style=\"text-align: justify;\">La segunda parte del acto consisti\u00f3 en una exposici\u00f3n ofrecida por el profesor Francisco Jos\u00e9 Franco, la cual vers\u00f3 sobre el nacimiento del concurso y las actividades del Aula Miguel Hern\u00e1ndez. Finalmente, se procedi\u00f3 a la entrega de los galardones, siendo los premiados los alumnos Carlos Rubio (3\u00ba ESO del IES Ben Arab\u00ed), Gabriela Paola Rodr\u00edguez (2\u00ba ESO del IES Mediterr\u00e1neo) y Marta Gonz\u00e1lez (2\u00ba Bachillerato del IES San Juan Bosco de Lorca). Hay que destacar la emoci\u00f3n con la que recitaron sus versos y la gran calidad de los mismos. El acto finaliz\u00f3 con el emplazamiento a la participaci\u00f3n para la pr\u00f3xima edici\u00f3n.<\/p>\n<p>En este <a href=\"https:\/\/sites.google.com\/murciaeduca.es\/ii-certamen-literario-viento-d\/p%C3%A1gina-principal\" target=\"_blank\" rel=\"noopener\">enlace<\/a> a la web del certamen puedes ver fotograf\u00edas del acto, y leer los poemas premiados.<\/p>\n<p><!--more--><\/p>\n<div id='gallery-1' class='gallery galleryid-6532 gallery-columns-3 gallery-size-thumbnail'><figure class='gallery-item'>\n\t\t\t<div class='gallery-icon landscape'>\n\t\t\t\t<a href='https:\/\/www.benarabi.org\/?attachment_id=6533'><img loading=\"lazy\" decoding=\"async\" width=\"250\" height=\"141\" src=\"https:\/\/www.benarabi.org\/wp-content\/uploads\/2019\/05\/20190516_131959-250x141.jpg\" class=\"attachment-thumbnail size-thumbnail\" alt=\"\" srcset=\"https:\/\/www.benarabi.org\/wp-content\/uploads\/2019\/05\/20190516_131959-250x141.jpg 250w, https:\/\/www.benarabi.org\/wp-content\/uploads\/2019\/05\/20190516_131959-850x478.jpg 850w, https:\/\/www.benarabi.org\/wp-content\/uploads\/2019\/05\/20190516_131959-1200x675.jpg 1200w\" sizes=\"auto, (max-width: 250px) 100vw, 250px\" \/><\/a>\n\t\t\t<\/div><\/figure><figure class='gallery-item'>\n\t\t\t<div class='gallery-icon landscape'>\n\t\t\t\t<a href='https:\/\/www.benarabi.org\/?attachment_id=6534'><img loading=\"lazy\" decoding=\"async\" width=\"250\" height=\"141\" src=\"https:\/\/www.benarabi.org\/wp-content\/uploads\/2019\/05\/20190516_131145-250x141.jpg\" class=\"attachment-thumbnail size-thumbnail\" alt=\"\" srcset=\"https:\/\/www.benarabi.org\/wp-content\/uploads\/2019\/05\/20190516_131145-250x141.jpg 250w, https:\/\/www.benarabi.org\/wp-content\/uploads\/2019\/05\/20190516_131145-850x478.jpg 850w, https:\/\/www.benarabi.org\/wp-content\/uploads\/2019\/05\/20190516_131145-1200x675.jpg 1200w\" sizes=\"auto, (max-width: 250px) 100vw, 250px\" \/><\/a>\n\t\t\t<\/div><\/figure><figure class='gallery-item'>\n\t\t\t<div class='gallery-icon landscape'>\n\t\t\t\t<a href='https:\/\/www.benarabi.org\/?attachment_id=6535'><img loading=\"lazy\" decoding=\"async\" width=\"250\" height=\"141\" src=\"https:\/\/www.benarabi.org\/wp-content\/uploads\/2019\/05\/20190516_130557-250x141.jpg\" class=\"attachment-thumbnail size-thumbnail\" alt=\"\" srcset=\"https:\/\/www.benarabi.org\/wp-content\/uploads\/2019\/05\/20190516_130557-250x141.jpg 250w, https:\/\/www.benarabi.org\/wp-content\/uploads\/2019\/05\/20190516_130557-850x478.jpg 850w, https:\/\/www.benarabi.org\/wp-content\/uploads\/2019\/05\/20190516_130557-1200x675.jpg 1200w\" sizes=\"auto, (max-width: 250px) 100vw, 250px\" \/><\/a>\n\t\t\t<\/div><\/figure><figure class='gallery-item'>\n\t\t\t<div class='gallery-icon landscape'>\n\t\t\t\t<a href='https:\/\/www.benarabi.org\/?attachment_id=6536'><img loading=\"lazy\" decoding=\"async\" width=\"250\" height=\"141\" src=\"https:\/\/www.benarabi.org\/wp-content\/uploads\/2019\/05\/20190516_130255-250x141.jpg\" class=\"attachment-thumbnail size-thumbnail\" alt=\"\" srcset=\"https:\/\/www.benarabi.org\/wp-content\/uploads\/2019\/05\/20190516_130255-250x141.jpg 250w, https:\/\/www.benarabi.org\/wp-content\/uploads\/2019\/05\/20190516_130255-850x478.jpg 850w, https:\/\/www.benarabi.org\/wp-content\/uploads\/2019\/05\/20190516_130255-1200x675.jpg 1200w\" sizes=\"auto, (max-width: 250px) 100vw, 250px\" \/><\/a>\n\t\t\t<\/div><\/figure><figure class='gallery-item'>\n\t\t\t<div class='gallery-icon landscape'>\n\t\t\t\t<a href='https:\/\/www.benarabi.org\/?attachment_id=6537'><img loading=\"lazy\" decoding=\"async\" width=\"250\" height=\"141\" src=\"https:\/\/www.benarabi.org\/wp-content\/uploads\/2019\/05\/20190516_130039-250x141.jpg\" class=\"attachment-thumbnail size-thumbnail\" alt=\"\" srcset=\"https:\/\/www.benarabi.org\/wp-content\/uploads\/2019\/05\/20190516_130039-250x141.jpg 250w, https:\/\/www.benarabi.org\/wp-content\/uploads\/2019\/05\/20190516_130039-850x478.jpg 850w, https:\/\/www.benarabi.org\/wp-content\/uploads\/2019\/05\/20190516_130039-1200x675.jpg 1200w\" sizes=\"auto, (max-width: 250px) 100vw, 250px\" \/><\/a>\n\t\t\t<\/div><\/figure>\n\t\t<\/div>\n\n","protected":false},"excerpt":{"rendered":"<p>El d\u00eda 16 de mayo tuvo lugar el acto de entrega de los premios del II Certamen Viento del Pueblo en homenaje al poeta oriolano Miguel Hern\u00e1ndez. El concurso se organiza desde los centros de secundaria Ben Arab\u00ed y Mediterr\u00e1neo de Cartagena. Esta segunda edici\u00f3n ha tenido como mecenas a la Fundaci\u00f3n Cultural Miguel Hern\u00e1ndez [&hellip;]<\/p>\n","protected":false},"author":1,"featured_media":0,"comment_status":"closed","ping_status":"open","sticky":false,"template":"","format":"standard","meta":{"footnotes":""},"categories":[1],"tags":[],"class_list":["post-6532","post","type-post","status-publish","format-standard","hentry","category-sin-categoria"],"_links":{"self":[{"href":"https:\/\/www.benarabi.org\/index.php?rest_route=\/wp\/v2\/posts\/6532","targetHints":{"allow":["GET"]}}],"collection":[{"href":"https:\/\/www.benarabi.org\/index.php?rest_route=\/wp\/v2\/posts"}],"about":[{"href":"https:\/\/www.benarabi.org\/index.php?rest_route=\/wp\/v2\/types\/post"}],"author":[{"embeddable":true,"href":"https:\/\/www.benarabi.org\/index.php?rest_route=\/wp\/v2\/users\/1"}],"replies":[{"embeddable":true,"href":"https:\/\/www.benarabi.org\/index.php?rest_route=%2Fwp%2Fv2%2Fcomments&post=6532"}],"version-history":[{"count":6,"href":"https:\/\/www.benarabi.org\/index.php?rest_route=\/wp\/v2\/posts\/6532\/revisions"}],"predecessor-version":[{"id":6543,"href":"https:\/\/www.benarabi.org\/index.php?rest_route=\/wp\/v2\/posts\/6532\/revisions\/6543"}],"wp:attachment":[{"href":"https:\/\/www.benarabi.org\/index.php?rest_route=%2Fwp%2Fv2%2Fmedia&parent=6532"}],"wp:term":[{"taxonomy":"category","embeddable":true,"href":"https:\/\/www.benarabi.org\/index.php?rest_route=%2Fwp%2Fv2%2Fcategories&post=6532"},{"taxonomy":"post_tag","embeddable":true,"href":"https:\/\/www.benarabi.org\/index.php?rest_route=%2Fwp%2Fv2%2Ftags&post=6532"}],"curies":[{"name":"wp","href":"https:\/\/api.w.org\/{rel}","templated":true}]}}