{"id":6544,"date":"2019-06-04T18:15:50","date_gmt":"2019-06-04T16:15:50","guid":{"rendered":"http:\/\/www.benarabi.org\/?p=6544"},"modified":"2019-06-05T10:29:02","modified_gmt":"2019-06-05T08:29:02","slug":"calendario-de-matriculacion-curso-2019-20","status":"publish","type":"post","link":"https:\/\/www.benarabi.org\/?p=6544","title":{"rendered":"Calendario de matriculaci\u00f3n curso 2019-20"},"content":{"rendered":"<p class=\"s4\" style=\"text-align: justify;\"><span class=\"s3\"><span class=\"bumpedFont15\"><a href=\"http:\/\/www.benarabi.org\/wp-content\/uploads\/2019\/06\/matriculacion19-20-e1559664848633.jpg\"><img loading=\"lazy\" decoding=\"async\" class=\"alignleft size-full wp-image-6545\" src=\"http:\/\/www.benarabi.org\/wp-content\/uploads\/2019\/06\/matriculacion19-20-e1559664848633.jpg\" alt=\"\" width=\"150\" height=\"90\" \/><\/a><\/span><\/span><\/p>\n<p style=\"text-align: justify;\"><strong>Todo el alumnado<\/strong> propio del Centro debe realizar la matr\u00edcula para el pr\u00f3ximo curso 2019-20 en las siguientes fechas:<\/p>\n<p>&nbsp;<\/p>\n<ul>\n<li style=\"text-align: justify;\">Jueves <strong>6 de junio<\/strong>\u2026. Alumnos propios \u00a0repetidores de <strong>2\u00ba Bachillerato.<\/strong><\/li>\n<li>Jueves <strong>20 de junio<\/strong>\u2026. Alumnos propios repetidores de <strong>1 \u00ba ESO.<\/strong><\/li>\n<li>Viernes <strong>21 de junio<\/strong>\u2026. Alumnos propios que cursar\u00e1n\u00a0 <strong>2\u00ba y 3\u00ba ESO.<\/strong><\/li>\n<li>Lunes <strong>24 de junio<\/strong>\u2026.Alumnos propios que cursar\u00e1n <strong>4\u00ba ESO y 1\u00ba Bachillerato.<\/strong><\/li>\n<li>Martes <strong>25 de junio<\/strong>\u2026. Alumnos propios que cursar\u00e1n <strong>2\u00ba Bachillerato.<\/strong><\/li>\n<\/ul>\n<p style=\"text-align: justify;\"><strong>Criterio:<\/strong><br \/>\nLos alumnos <strong>con 0,1, 2, 3 y 4 suspensos<\/strong> la har\u00e1n del curso siguiente.<br \/>\nLos alumnos <strong>con 5 o m\u00e1s suspensos<\/strong> la har\u00e1n del mismo curso que el actual. (SALVO REPETIDORES, que lo har\u00e1n del siguiente curso por promoci\u00f3n autom\u00e1tica en el caso de la ESO).<\/p>\n<p style=\"text-align: justify;\">Para el <strong>alumnado de NUEVA INCORPORACI\u00d3N<\/strong>,\u00a0 los d\u00edas de matriculaci\u00f3n son:<\/p>\n<ul>\n<li style=\"text-align: justify;\">Jueves <strong>4 de julio<\/strong>\u2026. <strong>1\u00ba ESO.<\/strong><\/li>\n<li style=\"text-align: justify;\">Viernes <strong>5 de julio<\/strong>\u2026 <strong>2\u00ba, 3\u00ba, 4\u00ba ESO y 1\u00ba y 2\u00ba Bachillerato.<\/strong><\/li>\n<\/ul>\n<p style=\"text-align: justify;\"><strong>Antes de realizar la matr\u00edcula, los alumnos deber\u00e1n recoger el sobre de matr\u00edcula que estar\u00e1 disponible en la conserjer\u00eda del Centro.<\/strong><\/p>\n<p style=\"text-align: justify;\"><span class=\"s2\"><span class=\"bumpedFont15\">Si quieres ver el calendario de matriculaci\u00f3n completo y detallado, <a href=\"http:\/\/www.benarabi.org\/wp-content\/uploads\/2019\/06\/calendario-matriculas_precio-sobre_19-20.pdf\">pincha aqu\u00ed<\/a>.<\/span><\/span><\/p>\n","protected":false},"excerpt":{"rendered":"<p>Todo el alumnado propio del Centro debe realizar la matr\u00edcula para el pr\u00f3ximo curso 2019-20 en las siguientes fechas: &nbsp; Jueves 6 de junio\u2026. Alumnos propios \u00a0repetidores de 2\u00ba Bachillerato. Jueves 20 de junio\u2026. Alumnos propios repetidores de 1 \u00ba ESO. Viernes 21 de junio\u2026. Alumnos propios que cursar\u00e1n\u00a0 2\u00ba y 3\u00ba ESO. Lunes 24 [&hellip;]<\/p>\n","protected":false},"author":1,"featured_media":0,"comment_status":"closed","ping_status":"open","sticky":false,"template":"","format":"standard","meta":{"footnotes":""},"categories":[1],"tags":[],"class_list":["post-6544","post","type-post","status-publish","format-standard","hentry","category-sin-categoria"],"_links":{"self":[{"href":"https:\/\/www.benarabi.org\/index.php?rest_route=\/wp\/v2\/posts\/6544","targetHints":{"allow":["GET"]}}],"collection":[{"href":"https:\/\/www.benarabi.org\/index.php?rest_route=\/wp\/v2\/posts"}],"about":[{"href":"https:\/\/www.benarabi.org\/index.php?rest_route=\/wp\/v2\/types\/post"}],"author":[{"embeddable":true,"href":"https:\/\/www.benarabi.org\/index.php?rest_route=\/wp\/v2\/users\/1"}],"replies":[{"embeddable":true,"href":"https:\/\/www.benarabi.org\/index.php?rest_route=%2Fwp%2Fv2%2Fcomments&post=6544"}],"version-history":[{"count":8,"href":"https:\/\/www.benarabi.org\/index.php?rest_route=\/wp\/v2\/posts\/6544\/revisions"}],"predecessor-version":[{"id":6549,"href":"https:\/\/www.benarabi.org\/index.php?rest_route=\/wp\/v2\/posts\/6544\/revisions\/6549"}],"wp:attachment":[{"href":"https:\/\/www.benarabi.org\/index.php?rest_route=%2Fwp%2Fv2%2Fmedia&parent=6544"}],"wp:term":[{"taxonomy":"category","embeddable":true,"href":"https:\/\/www.benarabi.org\/index.php?rest_route=%2Fwp%2Fv2%2Fcategories&post=6544"},{"taxonomy":"post_tag","embeddable":true,"href":"https:\/\/www.benarabi.org\/index.php?rest_route=%2Fwp%2Fv2%2Ftags&post=6544"}],"curies":[{"name":"wp","href":"https:\/\/api.w.org\/{rel}","templated":true}]}}