{"id":6652,"date":"2019-07-26T17:42:41","date_gmt":"2019-07-26T15:42:41","guid":{"rendered":"http:\/\/www.benarabi.org\/?p=6652"},"modified":"2019-07-26T17:44:01","modified_gmt":"2019-07-26T15:44:01","slug":"vacaciones-de-verano-2019","status":"publish","type":"post","link":"https:\/\/www.benarabi.org\/?p=6652","title":{"rendered":"Vacaciones de Verano 2019"},"content":{"rendered":"<p class=\"s3\" style=\"text-align: justify;\"><span class=\"s2\"><span class=\"bumpedFont15\"><a href=\"http:\/\/www.benarabi.org\/wp-content\/uploads\/2019\/07\/PROFES-2018-19-v2-e1564155717130.jpg\"><img loading=\"lazy\" decoding=\"async\" class=\"alignleft size-full wp-image-6653\" src=\"http:\/\/www.benarabi.org\/wp-content\/uploads\/2019\/07\/PROFES-2018-19-v2-e1564155717130.jpg\" alt=\"\" width=\"150\" height=\"84\" \/><\/a>El Centro permanecer\u00e1 cerrado durante el mes de agosto.<\/span><\/span><\/p>\n<p class=\"s3\" style=\"text-align: justify;\"><span class=\"s2\"><span class=\"bumpedFont15\">Durante los d\u00edas <\/span><\/span><strong><span class=\"s4\"><span class=\"bumpedFont15\">lunes 2 \u00a0y martes 3 de septiembre<\/span><\/span><\/strong><span class=\"s2\"><span class=\"bumpedFont15\"> se llevar\u00e1n a cabo los <\/span><\/span><strong><span class=\"s4\"><span class=\"bumpedFont15\">ex\u00e1menes de septiembre<\/span><\/span><\/strong><span class=\"s2\"><span class=\"bumpedFont15\">, en el horario establecido en el Calendario de Ex\u00e1menes de Septiembre, que figura en INFORMACI\u00d3N DE INTER\u00c9S.<\/span><\/span><\/p>\n<p class=\"s3\" style=\"text-align: justify;\"><span class=\"s2\"><span class=\"bumpedFont15\">El <\/span><\/span><strong><span class=\"s4\"><span class=\"bumpedFont15\">mi\u00e9rcoles 4 de septiembre<\/span><\/span><\/strong><span class=\"s2\"><span class=\"bumpedFont15\">, desde las <\/span><\/span><strong><span class=\"s4\"><span class=\"bumpedFont15\">8:00 hasta las 17.30 horas<\/span><\/span><\/strong><span class=\"s2\"><span class=\"bumpedFont15\">, tendr\u00e1n lugar las sesiones de evaluaci\u00f3n de los grupos. Conforme se vayan realizando, se ir\u00e1n publicando en el tabl\u00f3n de anuncios las actas de calificaciones de los grupos. Al t\u00e9rmino de todas las sesiones de evaluaci\u00f3n tambi\u00e9n podr\u00e1n consultarse a trav\u00e9s de Mirador. Recordar que en Septiembre, no se entregan BOLETINES.<\/span><\/span><\/p>\n<p class=\"s3\" style=\"text-align: justify;\"><span class=\"s2\"><span class=\"bumpedFont15\">Aquellos alumnos, que tras las evaluaciones de septiembre, tengan que modificar su matr\u00edcula de junio, deben hacerlo el <\/span><\/span><strong><span class=\"s4\"><span class=\"bumpedFont15\">JUEVES 5 DE SEPTIEMBRE<\/span><\/span><\/strong><span class=\"s2\"><span class=\"bumpedFont15\"><strong>,<\/strong> en la oficina de Secretar\u00eda.<\/span><\/span><\/p>\n<p class=\"s3\" style=\"text-align: justify;\"><span class=\"s2\"><span class=\"bumpedFont15\">\u00a0<\/span><\/span><\/p>\n<p class=\"s3\"><span class=\"s2\"><span class=\"bumpedFont15\">La Comunidad Educativa del IES Ben Arab\u00ed, les desea Felices Vacaciones.<\/span><\/span><\/p>\n","protected":false},"excerpt":{"rendered":"<p>El Centro permanecer\u00e1 cerrado durante el mes de agosto. Durante los d\u00edas lunes 2 \u00a0y martes 3 de septiembre se llevar\u00e1n a cabo los ex\u00e1menes de septiembre, en el horario establecido en el Calendario de Ex\u00e1menes de Septiembre, que figura en INFORMACI\u00d3N DE INTER\u00c9S. El mi\u00e9rcoles 4 de septiembre, desde las 8:00 hasta las 17.30 [&hellip;]<\/p>\n","protected":false},"author":1,"featured_media":0,"comment_status":"closed","ping_status":"open","sticky":false,"template":"","format":"standard","meta":{"footnotes":""},"categories":[1],"tags":[],"class_list":["post-6652","post","type-post","status-publish","format-standard","hentry","category-sin-categoria"],"_links":{"self":[{"href":"https:\/\/www.benarabi.org\/index.php?rest_route=\/wp\/v2\/posts\/6652","targetHints":{"allow":["GET"]}}],"collection":[{"href":"https:\/\/www.benarabi.org\/index.php?rest_route=\/wp\/v2\/posts"}],"about":[{"href":"https:\/\/www.benarabi.org\/index.php?rest_route=\/wp\/v2\/types\/post"}],"author":[{"embeddable":true,"href":"https:\/\/www.benarabi.org\/index.php?rest_route=\/wp\/v2\/users\/1"}],"replies":[{"embeddable":true,"href":"https:\/\/www.benarabi.org\/index.php?rest_route=%2Fwp%2Fv2%2Fcomments&post=6652"}],"version-history":[{"count":3,"href":"https:\/\/www.benarabi.org\/index.php?rest_route=\/wp\/v2\/posts\/6652\/revisions"}],"predecessor-version":[{"id":6656,"href":"https:\/\/www.benarabi.org\/index.php?rest_route=\/wp\/v2\/posts\/6652\/revisions\/6656"}],"wp:attachment":[{"href":"https:\/\/www.benarabi.org\/index.php?rest_route=%2Fwp%2Fv2%2Fmedia&parent=6652"}],"wp:term":[{"taxonomy":"category","embeddable":true,"href":"https:\/\/www.benarabi.org\/index.php?rest_route=%2Fwp%2Fv2%2Fcategories&post=6652"},{"taxonomy":"post_tag","embeddable":true,"href":"https:\/\/www.benarabi.org\/index.php?rest_route=%2Fwp%2Fv2%2Ftags&post=6652"}],"curies":[{"name":"wp","href":"https:\/\/api.w.org\/{rel}","templated":true}]}}