{"id":6720,"date":"2019-09-11T19:19:10","date_gmt":"2019-09-11T17:19:10","guid":{"rendered":"http:\/\/www.benarabi.org\/?p=6720"},"modified":"2019-09-11T19:19:10","modified_gmt":"2019-09-11T17:19:10","slug":"suspension-de-actividades-lectivas-para-el-jueves-12-y-aplazamiento-de-la-ebau","status":"publish","type":"post","link":"https:\/\/www.benarabi.org\/?p=6720","title":{"rendered":"Suspensi\u00f3n de actividades lectivas para el jueves 12 y aplazamiento de la EBAU"},"content":{"rendered":"<p style=\"text-align: justify;\"><a href=\"http:\/\/www.benarabi.org\/wp-content\/uploads\/2019\/09\/parte-del-aviso-e1568222327950.jpg\"><img loading=\"lazy\" decoding=\"async\" class=\"alignleft size-full wp-image-6721\" src=\"http:\/\/www.benarabi.org\/wp-content\/uploads\/2019\/09\/parte-del-aviso-e1568222327950.jpg\" alt=\"\" width=\"150\" height=\"74\" \/><\/a>Siguiendo instrucciones de la Direcci\u00f3n General de Centros Educativos de la Consejer\u00eda de Educaci\u00f3n y Cultura, <strong>el centro permanecer\u00e1 cerrado<\/strong> durante la jornada del jueves 12 de septiembre, por riesgo de fuertes precipitaciones (nivel rojo de alerta).<\/p>\n<p style=\"text-align: justify;\">Respecto a las <strong>presentaciones de los grupos<\/strong> previstas para el <strong>viernes 13<\/strong>, <strong>en principio no hay cambios<\/strong>, y estamos a la espera de la evoluci\u00f3n meteorol\u00f3gica. En el caso de que nos vi\u00e9ramos de nuevo obligados a realizar cambios, dar\u00edamos publicidad a trav\u00e9s de este medio, por lo que rogamos que est\u00e9is especialmente pendientes.<\/p>\n<p style=\"text-align: justify;\">Ademas, informamos a los alumnos de 2\u00ba de Bachillerato, que <strong>se anulan las pruebas de EBAU 2019<\/strong> programadas para el jueves 12, traslad\u00e1ndose en igual horario y sedes al <strong>lunes 16 de septiembre de 2019<\/strong>.<\/p>\n","protected":false},"excerpt":{"rendered":"<p>Siguiendo instrucciones de la Direcci\u00f3n General de Centros Educativos de la Consejer\u00eda de Educaci\u00f3n y Cultura, el centro permanecer\u00e1 cerrado durante la jornada del jueves 12 de septiembre, por riesgo de fuertes precipitaciones (nivel rojo de alerta). Respecto a las presentaciones de los grupos previstas para el viernes 13, en principio no hay cambios, y [&hellip;]<\/p>\n","protected":false},"author":1,"featured_media":0,"comment_status":"closed","ping_status":"open","sticky":false,"template":"","format":"standard","meta":{"footnotes":""},"categories":[1],"tags":[],"class_list":["post-6720","post","type-post","status-publish","format-standard","hentry","category-sin-categoria"],"_links":{"self":[{"href":"https:\/\/www.benarabi.org\/index.php?rest_route=\/wp\/v2\/posts\/6720","targetHints":{"allow":["GET"]}}],"collection":[{"href":"https:\/\/www.benarabi.org\/index.php?rest_route=\/wp\/v2\/posts"}],"about":[{"href":"https:\/\/www.benarabi.org\/index.php?rest_route=\/wp\/v2\/types\/post"}],"author":[{"embeddable":true,"href":"https:\/\/www.benarabi.org\/index.php?rest_route=\/wp\/v2\/users\/1"}],"replies":[{"embeddable":true,"href":"https:\/\/www.benarabi.org\/index.php?rest_route=%2Fwp%2Fv2%2Fcomments&post=6720"}],"version-history":[{"count":1,"href":"https:\/\/www.benarabi.org\/index.php?rest_route=\/wp\/v2\/posts\/6720\/revisions"}],"predecessor-version":[{"id":6722,"href":"https:\/\/www.benarabi.org\/index.php?rest_route=\/wp\/v2\/posts\/6720\/revisions\/6722"}],"wp:attachment":[{"href":"https:\/\/www.benarabi.org\/index.php?rest_route=%2Fwp%2Fv2%2Fmedia&parent=6720"}],"wp:term":[{"taxonomy":"category","embeddable":true,"href":"https:\/\/www.benarabi.org\/index.php?rest_route=%2Fwp%2Fv2%2Fcategories&post=6720"},{"taxonomy":"post_tag","embeddable":true,"href":"https:\/\/www.benarabi.org\/index.php?rest_route=%2Fwp%2Fv2%2Ftags&post=6720"}],"curies":[{"name":"wp","href":"https:\/\/api.w.org\/{rel}","templated":true}]}}