{"id":6723,"date":"2019-09-12T09:55:36","date_gmt":"2019-09-12T07:55:36","guid":{"rendered":"http:\/\/www.benarabi.org\/?p=6723"},"modified":"2019-09-12T09:58:07","modified_gmt":"2019-09-12T07:58:07","slug":"nuevo-calendario-de-actividades-de-comienzo-de-curso","status":"publish","type":"post","link":"https:\/\/www.benarabi.org\/?p=6723","title":{"rendered":"Nuevo calendario de actividades de comienzo de curso"},"content":{"rendered":"<p><a href=\"http:\/\/www.benarabi.org\/wp-content\/uploads\/2019\/09\/parte-del-aviso-e1568222327950.jpg\"><img loading=\"lazy\" decoding=\"async\" class=\"alignleft size-full wp-image-6721\" src=\"http:\/\/www.benarabi.org\/wp-content\/uploads\/2019\/09\/parte-del-aviso-e1568222327950.jpg\" alt=\"\" width=\"150\" height=\"74\" \/><\/a>Debido al riesgo de fuertes precipitaciones (nivel rojo de alerta) y siguiendo instrucciones de la Consejer\u00eda de Educaci\u00f3n, hoy jueves 12 de septiembre el Centro permanecer\u00e1 cerrado.<\/p>\n<p>&nbsp;<\/p>\n<p style=\"text-align: justify;\">Por tanto, el <strong>nuevo calendario de actividades<\/strong> quedar\u00eda de la siguiente manera:<\/p>\n<p style=\"text-align: justify;\"><strong><span style=\"text-decoration: underline;\">Viernes 13 de septiembre<\/span><\/strong><\/p>\n<ul style=\"text-align: justify;\">\n<li>Publicaci\u00f3n de <strong>listados de alumnos<\/strong> a las 12:00h.<\/li>\n<li>Publicaci\u00f3n de <strong>listas de admisi\u00f3n<\/strong>.<\/li>\n<\/ul>\n<p style=\"text-align: justify;\"><strong><span style=\"text-decoration: underline;\">Lunes 16 de septiembre<\/span><\/strong><\/p>\n<ul style=\"text-align: justify;\">\n<li>Presentaciones de alumnos, en las mismas aulas y horas previstas.<\/li>\n<\/ul>\n<p style=\"text-align: justify;\"><strong><span style=\"text-decoration: underline;\">Martes 17 de septiembre<\/span><\/strong><\/p>\n<ul style=\"text-align: justify;\">\n<li>Comienzo ordinario de <strong>las clases<\/strong> a las 8:00h.<\/li>\n<\/ul>\n<p style=\"text-align: justify;\"><span style=\"line-height: 1.5;\"><strong>Permanezcan atentos<\/strong> por si a lo largo de la jornada de hoy recibimos nuevas instrucciones.<\/span><\/p>\n","protected":false},"excerpt":{"rendered":"<p>Debido al riesgo de fuertes precipitaciones (nivel rojo de alerta) y siguiendo instrucciones de la Consejer\u00eda de Educaci\u00f3n, hoy jueves 12 de septiembre el Centro permanecer\u00e1 cerrado. &nbsp; Por tanto, el nuevo calendario de actividades quedar\u00eda de la siguiente manera: Viernes 13 de septiembre Publicaci\u00f3n de listados de alumnos a las 12:00h. Publicaci\u00f3n de listas [&hellip;]<\/p>\n","protected":false},"author":1,"featured_media":0,"comment_status":"closed","ping_status":"open","sticky":false,"template":"","format":"standard","meta":{"footnotes":""},"categories":[1],"tags":[],"class_list":["post-6723","post","type-post","status-publish","format-standard","hentry","category-sin-categoria"],"_links":{"self":[{"href":"https:\/\/www.benarabi.org\/index.php?rest_route=\/wp\/v2\/posts\/6723","targetHints":{"allow":["GET"]}}],"collection":[{"href":"https:\/\/www.benarabi.org\/index.php?rest_route=\/wp\/v2\/posts"}],"about":[{"href":"https:\/\/www.benarabi.org\/index.php?rest_route=\/wp\/v2\/types\/post"}],"author":[{"embeddable":true,"href":"https:\/\/www.benarabi.org\/index.php?rest_route=\/wp\/v2\/users\/1"}],"replies":[{"embeddable":true,"href":"https:\/\/www.benarabi.org\/index.php?rest_route=%2Fwp%2Fv2%2Fcomments&post=6723"}],"version-history":[{"count":5,"href":"https:\/\/www.benarabi.org\/index.php?rest_route=\/wp\/v2\/posts\/6723\/revisions"}],"predecessor-version":[{"id":6728,"href":"https:\/\/www.benarabi.org\/index.php?rest_route=\/wp\/v2\/posts\/6723\/revisions\/6728"}],"wp:attachment":[{"href":"https:\/\/www.benarabi.org\/index.php?rest_route=%2Fwp%2Fv2%2Fmedia&parent=6723"}],"wp:term":[{"taxonomy":"category","embeddable":true,"href":"https:\/\/www.benarabi.org\/index.php?rest_route=%2Fwp%2Fv2%2Fcategories&post=6723"},{"taxonomy":"post_tag","embeddable":true,"href":"https:\/\/www.benarabi.org\/index.php?rest_route=%2Fwp%2Fv2%2Ftags&post=6723"}],"curies":[{"name":"wp","href":"https:\/\/api.w.org\/{rel}","templated":true}]}}