{"id":6729,"date":"2019-09-12T13:11:19","date_gmt":"2019-09-12T11:11:19","guid":{"rendered":"http:\/\/www.benarabi.org\/?p=6729"},"modified":"2019-09-12T13:11:41","modified_gmt":"2019-09-12T11:11:41","slug":"novedad-muy-urgente-cambio-de-fechas-de-ebau-2019-de-septiembre","status":"publish","type":"post","link":"https:\/\/www.benarabi.org\/?p=6729","title":{"rendered":"NOVEDAD MUY URGENTE &#8211; Cambio de fechas de EBAU 2019 de septiembre"},"content":{"rendered":"<p style=\"text-align: justify;\"><span style=\"color: #000000;\"><a href=\"http:\/\/www.benarabi.org\/wp-content\/uploads\/2019\/09\/parte-del-aviso-e1568222327950.jpg\"><img loading=\"lazy\" decoding=\"async\" class=\"alignleft size-full wp-image-6721\" src=\"http:\/\/www.benarabi.org\/wp-content\/uploads\/2019\/09\/parte-del-aviso-e1568222327950.jpg\" alt=\"\" width=\"150\" height=\"74\" \/><\/a>Siguiendo instrucciones de la Coordinaci\u00f3n de la EBAU os comunicamos el nuevo calendario de actuaciones, manteniendo los horarios iniciales y tambi\u00e9n las sedes, el cambio se restringe a las fechas:<\/span><\/p>\n<ul style=\"text-align: justify;\">\n<li><span style=\"color: #000000;\"><strong>Jueves 12, traslado en bloque al mi\u00e9rcoles 18<\/strong> (<u>no al lunes, como inicialmente estaba planificado<\/u>).<\/span><\/li>\n<li><strong><span style=\"color: #000000;\">Viernes 13, traslado en bloque al jueves\u00a019.<\/span><\/strong><\/li>\n<\/ul>\n<p style=\"text-align: justify;\">La <strong>primera publicaci\u00f3n<\/strong> de notas pasa del jueves 19 al lunes 23, pero se mantiene como fecha de <strong>publicaci\u00f3n definitiva<\/strong> (2\u00aa correcci\u00f3n) el d\u00eda 30.<\/p>\n","protected":false},"excerpt":{"rendered":"<p>Siguiendo instrucciones de la Coordinaci\u00f3n de la EBAU os comunicamos el nuevo calendario de actuaciones, manteniendo los horarios iniciales y tambi\u00e9n las sedes, el cambio se restringe a las fechas: Jueves 12, traslado en bloque al mi\u00e9rcoles 18 (no al lunes, como inicialmente estaba planificado). Viernes 13, traslado en bloque al jueves\u00a019. La primera publicaci\u00f3n [&hellip;]<\/p>\n","protected":false},"author":1,"featured_media":0,"comment_status":"closed","ping_status":"open","sticky":false,"template":"","format":"standard","meta":{"footnotes":""},"categories":[1],"tags":[],"class_list":["post-6729","post","type-post","status-publish","format-standard","hentry","category-sin-categoria"],"_links":{"self":[{"href":"https:\/\/www.benarabi.org\/index.php?rest_route=\/wp\/v2\/posts\/6729","targetHints":{"allow":["GET"]}}],"collection":[{"href":"https:\/\/www.benarabi.org\/index.php?rest_route=\/wp\/v2\/posts"}],"about":[{"href":"https:\/\/www.benarabi.org\/index.php?rest_route=\/wp\/v2\/types\/post"}],"author":[{"embeddable":true,"href":"https:\/\/www.benarabi.org\/index.php?rest_route=\/wp\/v2\/users\/1"}],"replies":[{"embeddable":true,"href":"https:\/\/www.benarabi.org\/index.php?rest_route=%2Fwp%2Fv2%2Fcomments&post=6729"}],"version-history":[{"count":1,"href":"https:\/\/www.benarabi.org\/index.php?rest_route=\/wp\/v2\/posts\/6729\/revisions"}],"predecessor-version":[{"id":6730,"href":"https:\/\/www.benarabi.org\/index.php?rest_route=\/wp\/v2\/posts\/6729\/revisions\/6730"}],"wp:attachment":[{"href":"https:\/\/www.benarabi.org\/index.php?rest_route=%2Fwp%2Fv2%2Fmedia&parent=6729"}],"wp:term":[{"taxonomy":"category","embeddable":true,"href":"https:\/\/www.benarabi.org\/index.php?rest_route=%2Fwp%2Fv2%2Fcategories&post=6729"},{"taxonomy":"post_tag","embeddable":true,"href":"https:\/\/www.benarabi.org\/index.php?rest_route=%2Fwp%2Fv2%2Ftags&post=6729"}],"curies":[{"name":"wp","href":"https:\/\/api.w.org\/{rel}","templated":true}]}}