{"id":6731,"date":"2019-09-12T13:16:43","date_gmt":"2019-09-12T11:16:43","guid":{"rendered":"http:\/\/www.benarabi.org\/?p=6731"},"modified":"2019-09-12T13:19:17","modified_gmt":"2019-09-12T11:19:17","slug":"6731","status":"publish","type":"post","link":"https:\/\/www.benarabi.org\/?p=6731","title":{"rendered":"Actualizaci\u00f3n &#8211; Nuevo calendario de actividades de comienzo de curso"},"content":{"rendered":"<p style=\"text-align: justify;\"><a href=\"http:\/\/www.benarabi.org\/wp-content\/uploads\/2019\/09\/parte-del-aviso-e1568222327950.jpg\"><img loading=\"lazy\" decoding=\"async\" class=\"alignleft size-full wp-image-6721\" src=\"http:\/\/www.benarabi.org\/wp-content\/uploads\/2019\/09\/parte-del-aviso-e1568222327950.jpg\" alt=\"\" width=\"150\" height=\"74\" \/><\/a>Ante el previsible empeoramiento y agravamiento de la situaci\u00f3n climatol\u00f3gica\u00a0con riesgo extremo de lluvias torrenciales e inundaciones en toda la Regi\u00f3n para ma\u00f1ana\u00a0viernes 13 de septiembre y siguiendo las recomendaciones de la Secretar\u00eda General de la Consejer\u00eda de Educaci\u00f3n y Cultura quedan suspendidas\u00a0todas las actividades lectivas previstas\u00a0para ma\u00f1ana viernes 13 de septiembre en todos los centros docentes p\u00fablicos de la\u00a0Comunidad Aut\u00f3noma con el fin de evitar riesgos innecesarios para el alumnado,\u00a0docentes y personal de administraci\u00f3n y servicios.<\/p>\n<p style=\"text-align: justify;\">Por tanto, el <strong>nuevo calendario de actividades<\/strong> quedar\u00eda de la siguiente manera:<\/p>\n<p style=\"text-align: justify;\"><strong>Lunes 16 de septiembre<\/strong><\/p>\n<ul style=\"text-align: justify;\">\n<li>Publicaci\u00f3n de <strong>listados de alumnos<\/strong> a las 12:00h.<\/li>\n<li>Publicaci\u00f3n de <strong>listas de admisi\u00f3n<\/strong>.<\/li>\n<\/ul>\n<p style=\"text-align: justify;\"><strong>Martes 17 de septiembre<\/strong><\/p>\n<ul style=\"text-align: justify;\">\n<li>Presentaciones de alumnos, en las mismas aulas y horas previstas.<\/li>\n<\/ul>\n<p style=\"text-align: justify;\"><strong>Mi\u00e9rcoles 18 de septiembre<\/strong><\/p>\n<ul>\n<li style=\"text-align: justify;\">Comienzo ordinario de <strong>las clases<\/strong> a las 8:00h.<\/li>\n<\/ul>\n","protected":false},"excerpt":{"rendered":"<p>Ante el previsible empeoramiento y agravamiento de la situaci\u00f3n climatol\u00f3gica\u00a0con riesgo extremo de lluvias torrenciales e inundaciones en toda la Regi\u00f3n para ma\u00f1ana\u00a0viernes 13 de septiembre y siguiendo las recomendaciones de la Secretar\u00eda General de la Consejer\u00eda de Educaci\u00f3n y Cultura quedan suspendidas\u00a0todas las actividades lectivas previstas\u00a0para ma\u00f1ana viernes 13 de septiembre en todos los [&hellip;]<\/p>\n","protected":false},"author":1,"featured_media":0,"comment_status":"closed","ping_status":"open","sticky":false,"template":"","format":"standard","meta":{"footnotes":""},"categories":[1],"tags":[],"class_list":["post-6731","post","type-post","status-publish","format-standard","hentry","category-sin-categoria"],"_links":{"self":[{"href":"https:\/\/www.benarabi.org\/index.php?rest_route=\/wp\/v2\/posts\/6731","targetHints":{"allow":["GET"]}}],"collection":[{"href":"https:\/\/www.benarabi.org\/index.php?rest_route=\/wp\/v2\/posts"}],"about":[{"href":"https:\/\/www.benarabi.org\/index.php?rest_route=\/wp\/v2\/types\/post"}],"author":[{"embeddable":true,"href":"https:\/\/www.benarabi.org\/index.php?rest_route=\/wp\/v2\/users\/1"}],"replies":[{"embeddable":true,"href":"https:\/\/www.benarabi.org\/index.php?rest_route=%2Fwp%2Fv2%2Fcomments&post=6731"}],"version-history":[{"count":3,"href":"https:\/\/www.benarabi.org\/index.php?rest_route=\/wp\/v2\/posts\/6731\/revisions"}],"predecessor-version":[{"id":6734,"href":"https:\/\/www.benarabi.org\/index.php?rest_route=\/wp\/v2\/posts\/6731\/revisions\/6734"}],"wp:attachment":[{"href":"https:\/\/www.benarabi.org\/index.php?rest_route=%2Fwp%2Fv2%2Fmedia&parent=6731"}],"wp:term":[{"taxonomy":"category","embeddable":true,"href":"https:\/\/www.benarabi.org\/index.php?rest_route=%2Fwp%2Fv2%2Fcategories&post=6731"},{"taxonomy":"post_tag","embeddable":true,"href":"https:\/\/www.benarabi.org\/index.php?rest_route=%2Fwp%2Fv2%2Ftags&post=6731"}],"curies":[{"name":"wp","href":"https:\/\/api.w.org\/{rel}","templated":true}]}}