{"id":6761,"date":"2019-09-23T12:31:27","date_gmt":"2019-09-23T10:31:27","guid":{"rendered":"http:\/\/www.benarabi.org\/?p=6761"},"modified":"2019-09-23T12:41:42","modified_gmt":"2019-09-23T10:41:42","slug":"convocatoria-premios-extraordinarios-de-la-eso","status":"publish","type":"post","link":"https:\/\/www.benarabi.org\/?p=6761","title":{"rendered":"Convocatoria premios extraordinarios de la ESO"},"content":{"rendered":"<p style=\"text-align: justify;\"><a href=\"http:\/\/www.benarabi.org\/wp-content\/uploads\/2019\/09\/d61d44254608dd06ccdd2ff02982d14d_XL-e1569234433860.jpg\"><img loading=\"lazy\" decoding=\"async\" class=\"alignleft size-full wp-image-6762\" src=\"http:\/\/www.benarabi.org\/wp-content\/uploads\/2019\/09\/d61d44254608dd06ccdd2ff02982d14d_XL-e1569234433860.jpg\" alt=\"\" width=\"150\" height=\"109\" \/><\/a>Se ha publicado la Orden de 18 de septiembre de la Consejer\u00eda de Educaci\u00f3n y Cultura por la que se modifica la Orden de 10 de septiembre por la que <strong>se convocan los Premios Extraordinarios<\/strong> de Educaci\u00f3n Secundaria Obligatoria en la Comunidad Aut\u00f3noma de la Regi\u00f3n de Murcia, correspondiente al curso 2018-19, \u00a0modificando el plazo de presentaci\u00f3n de solicitudes que<strong> ahora finalizar\u00e1 el 26 de septiembre de 2019<\/strong>.<\/p>\n<p style=\"text-align: justify;\">Si quieres ver la Orden de 10 de septiembre por la que se convocan los premios, <a href=\"http:\/\/www.benarabi.org\/wp-content\/uploads\/2019\/09\/158294-Orden-de-Convocatoria-de-Premios-Extraordinarios-ESO.pdf\">pincha aqu\u00ed<\/a>.<\/p>\n<p style=\"text-align: justify;\">Si quieres ver la Orden de 18 de septiembre por la que se modifican los plazos, <a href=\"http:\/\/www.benarabi.org\/wp-content\/uploads\/2019\/09\/158295-Orden-de-18-de-septiembre-modifica-la-Orden-de-10-de-septiembre.pdf\">pincha aqu\u00ed<\/a>.<\/p>\n<p style=\"text-align: justify;\">Si quieres ver la Orden de 21 de septiembre por la que se aprueban las bases reguladoras, <a href=\"http:\/\/www.benarabi.org\/wp-content\/uploads\/2019\/09\/158293-1-Orden-de-bases-reguladoras-de-los-PE-ESO-BORM-23-septiembre-2017.pdf\">pincha aqu\u00ed.<\/a><\/p>\n","protected":false},"excerpt":{"rendered":"<p>Se ha publicado la Orden de 18 de septiembre de la Consejer\u00eda de Educaci\u00f3n y Cultura por la que se modifica la Orden de 10 de septiembre por la que se convocan los Premios Extraordinarios de Educaci\u00f3n Secundaria Obligatoria en la Comunidad Aut\u00f3noma de la Regi\u00f3n de Murcia, correspondiente al curso 2018-19, \u00a0modificando el plazo [&hellip;]<\/p>\n","protected":false},"author":1,"featured_media":0,"comment_status":"closed","ping_status":"open","sticky":false,"template":"","format":"standard","meta":{"footnotes":""},"categories":[1],"tags":[],"class_list":["post-6761","post","type-post","status-publish","format-standard","hentry","category-sin-categoria"],"_links":{"self":[{"href":"https:\/\/www.benarabi.org\/index.php?rest_route=\/wp\/v2\/posts\/6761","targetHints":{"allow":["GET"]}}],"collection":[{"href":"https:\/\/www.benarabi.org\/index.php?rest_route=\/wp\/v2\/posts"}],"about":[{"href":"https:\/\/www.benarabi.org\/index.php?rest_route=\/wp\/v2\/types\/post"}],"author":[{"embeddable":true,"href":"https:\/\/www.benarabi.org\/index.php?rest_route=\/wp\/v2\/users\/1"}],"replies":[{"embeddable":true,"href":"https:\/\/www.benarabi.org\/index.php?rest_route=%2Fwp%2Fv2%2Fcomments&post=6761"}],"version-history":[{"count":2,"href":"https:\/\/www.benarabi.org\/index.php?rest_route=\/wp\/v2\/posts\/6761\/revisions"}],"predecessor-version":[{"id":6767,"href":"https:\/\/www.benarabi.org\/index.php?rest_route=\/wp\/v2\/posts\/6761\/revisions\/6767"}],"wp:attachment":[{"href":"https:\/\/www.benarabi.org\/index.php?rest_route=%2Fwp%2Fv2%2Fmedia&parent=6761"}],"wp:term":[{"taxonomy":"category","embeddable":true,"href":"https:\/\/www.benarabi.org\/index.php?rest_route=%2Fwp%2Fv2%2Fcategories&post=6761"},{"taxonomy":"post_tag","embeddable":true,"href":"https:\/\/www.benarabi.org\/index.php?rest_route=%2Fwp%2Fv2%2Ftags&post=6761"}],"curies":[{"name":"wp","href":"https:\/\/api.w.org\/{rel}","templated":true}]}}