{"id":6849,"date":"2019-10-29T09:51:53","date_gmt":"2019-10-29T08:51:53","guid":{"rendered":"http:\/\/www.benarabi.org\/?p=6849"},"modified":"2019-10-29T09:51:53","modified_gmt":"2019-10-29T08:51:53","slug":"resolucion-provisional-ayudas-individualizadas-transporte-escolar-2018-2019","status":"publish","type":"post","link":"https:\/\/www.benarabi.org\/?p=6849","title":{"rendered":"Resoluci\u00f3n provisional ayudas individualizadas transporte escolar 2018-2019"},"content":{"rendered":"<div class=\"gmail_default\" style=\"text-align: justify;\"><a href=\"http:\/\/www.benarabi.org\/wp-content\/uploads\/2018\/04\/ayudas-individualizadas-de-transporte-escolar-para-el-curso-2017-2018-e1524211182290.jpg\"><img loading=\"lazy\" decoding=\"async\" class=\"alignleft size-full wp-image-5703\" src=\"http:\/\/www.benarabi.org\/wp-content\/uploads\/2018\/04\/ayudas-individualizadas-de-transporte-escolar-para-el-curso-2017-2018-e1524211182290.jpg\" alt=\"\" width=\"150\" height=\"148\" \/><\/a>Con fecha 25 de septiembre de 2019 se ha publicado Resoluci\u00f3n de la Direcci\u00f3n General de Centros Educativos e Infraestructuras la resoluci\u00f3n provisional de las ayudas individualizadas de <span class=\"il\">transporte<\/span> escolar para el curso 2018-19. Plazo presentaci\u00f3n alegaciones: De 28 de octubre de 2019 a 11 de noviembre de 2019, ambos incluidos.<\/div>\n<div class=\"gmail_default\" style=\"text-align: justify;\">Quedando expuestas en el Portal Educativo EduCarm (<a href=\"http:\/\/www.educarm.es\/\" target=\"_blank\" rel=\"noopener\" data-saferedirecturl=\"https:\/\/www.google.com\/url?q=http:\/\/www.educarm.es&amp;source=gmail&amp;ust=1572424592366000&amp;usg=AFQjCNH5U2p40kGUs-c0mvdXXgxI4NkL-g\">www.educarm.es<\/a>)<\/div>\n","protected":false},"excerpt":{"rendered":"<p>Con fecha 25 de septiembre de 2019 se ha publicado Resoluci\u00f3n de la Direcci\u00f3n General de Centros Educativos e Infraestructuras la resoluci\u00f3n provisional de las ayudas individualizadas de transporte escolar para el curso 2018-19. Plazo presentaci\u00f3n alegaciones: De 28 de octubre de 2019 a 11 de noviembre de 2019, ambos incluidos. Quedando expuestas en el [&hellip;]<\/p>\n","protected":false},"author":1,"featured_media":0,"comment_status":"closed","ping_status":"open","sticky":false,"template":"","format":"standard","meta":{"footnotes":""},"categories":[1],"tags":[],"class_list":["post-6849","post","type-post","status-publish","format-standard","hentry","category-sin-categoria"],"_links":{"self":[{"href":"https:\/\/www.benarabi.org\/index.php?rest_route=\/wp\/v2\/posts\/6849","targetHints":{"allow":["GET"]}}],"collection":[{"href":"https:\/\/www.benarabi.org\/index.php?rest_route=\/wp\/v2\/posts"}],"about":[{"href":"https:\/\/www.benarabi.org\/index.php?rest_route=\/wp\/v2\/types\/post"}],"author":[{"embeddable":true,"href":"https:\/\/www.benarabi.org\/index.php?rest_route=\/wp\/v2\/users\/1"}],"replies":[{"embeddable":true,"href":"https:\/\/www.benarabi.org\/index.php?rest_route=%2Fwp%2Fv2%2Fcomments&post=6849"}],"version-history":[{"count":1,"href":"https:\/\/www.benarabi.org\/index.php?rest_route=\/wp\/v2\/posts\/6849\/revisions"}],"predecessor-version":[{"id":6850,"href":"https:\/\/www.benarabi.org\/index.php?rest_route=\/wp\/v2\/posts\/6849\/revisions\/6850"}],"wp:attachment":[{"href":"https:\/\/www.benarabi.org\/index.php?rest_route=%2Fwp%2Fv2%2Fmedia&parent=6849"}],"wp:term":[{"taxonomy":"category","embeddable":true,"href":"https:\/\/www.benarabi.org\/index.php?rest_route=%2Fwp%2Fv2%2Fcategories&post=6849"},{"taxonomy":"post_tag","embeddable":true,"href":"https:\/\/www.benarabi.org\/index.php?rest_route=%2Fwp%2Fv2%2Ftags&post=6849"}],"curies":[{"name":"wp","href":"https:\/\/api.w.org\/{rel}","templated":true}]}}