{"id":6855,"date":"2019-10-31T09:51:15","date_gmt":"2019-10-31T08:51:15","guid":{"rendered":"http:\/\/www.benarabi.org\/?p=6855"},"modified":"2019-10-31T09:55:32","modified_gmt":"2019-10-31T08:55:32","slug":"constitucion-de-la-junta-de-delegados-curso-2019-20","status":"publish","type":"post","link":"https:\/\/www.benarabi.org\/?p=6855","title":{"rendered":"Constituci\u00f3n de la Junta de Delegados Curso 2019-20"},"content":{"rendered":"<div class=\"entry-content\">\n<p style=\"text-align: justify;\"><a href=\"http:\/\/www.benarabi.org\/wp-content\/uploads\/2019\/10\/IMG_9156.jpg\"><img loading=\"lazy\" decoding=\"async\" class=\"alignleft wp-image-6858 size-full\" src=\"http:\/\/www.benarabi.org\/wp-content\/uploads\/2019\/10\/IMG_9156-e1572512101700.jpg\" alt=\"\" width=\"150\" height=\"113\" \/><\/a>El mi\u00e9rcoles 30\u00a0<strong>de octubre<\/strong><strong>\u00a0<\/strong>se ha constituido la\u00a0<strong>Junta de delegados<\/strong>\u00a0para el curso\u00a0<strong>2019-20.<\/strong>\u00a0Est\u00e1 integrada por los delegados de los distintos grupos y por los representantes de los alumnos en el Consejo Escolar. El Presidente de la misma es el alumno m\u00e1s votado entre los representantes actuales en el Consejo Escolar, Mar\u00eda Mart\u00ednez Torrecillas, del grupo B21C, que adem\u00e1s ostentar\u00e1 la representaci\u00f3n de los alumnos en los actos protocolarios en los que se requiera su presencia. El secretario de la Junta es el alumno de menor edad de entre los delegados de 2\u00ba de Bachillerato, V\u00edctor\u00a0Jim\u00e9nez Faz, del grupo B2BC.<\/p>\n<p style=\"text-align: justify;\">En esta primera reuni\u00f3n adem\u00e1s de constituirse la Junta, se han tratado temas de gran inter\u00e9s como informarles de las funciones de los delegados y subdelegados de cada grupo, la difusi\u00f3n de las candidaturas de la XXII Edici\u00f3n del Premio Jacinto Alcaraz Mellado, planificaci\u00f3n de ex\u00e1menes, seguimiento de materias pendientes de cursos anteriores y la convocatoria de solicitud de Beca de Corresponsal Juvenil.<\/p>\n<p style=\"text-align: justify;\">Si quieres conocer el\u00a0<strong>listado de alumnos<\/strong>\u00a0que constituyen la Junta, <a href=\"http:\/\/www.benarabi.org\/wp-content\/uploads\/2019\/10\/LISTA_DELEGADOS-19-20.doc\">pincha aqu\u00ed<\/a>.<\/p>\n<\/div>\n","protected":false},"excerpt":{"rendered":"<p>El mi\u00e9rcoles 30\u00a0de octubre\u00a0se ha constituido la\u00a0Junta de delegados\u00a0para el curso\u00a02019-20.\u00a0Est\u00e1 integrada por los delegados de los distintos grupos y por los representantes de los alumnos en el Consejo Escolar. El Presidente de la misma es el alumno m\u00e1s votado entre los representantes actuales en el Consejo Escolar, Mar\u00eda Mart\u00ednez Torrecillas, del grupo B21C, que [&hellip;]<\/p>\n","protected":false},"author":1,"featured_media":0,"comment_status":"closed","ping_status":"open","sticky":false,"template":"","format":"standard","meta":{"footnotes":""},"categories":[1],"tags":[],"class_list":["post-6855","post","type-post","status-publish","format-standard","hentry","category-sin-categoria"],"_links":{"self":[{"href":"https:\/\/www.benarabi.org\/index.php?rest_route=\/wp\/v2\/posts\/6855","targetHints":{"allow":["GET"]}}],"collection":[{"href":"https:\/\/www.benarabi.org\/index.php?rest_route=\/wp\/v2\/posts"}],"about":[{"href":"https:\/\/www.benarabi.org\/index.php?rest_route=\/wp\/v2\/types\/post"}],"author":[{"embeddable":true,"href":"https:\/\/www.benarabi.org\/index.php?rest_route=\/wp\/v2\/users\/1"}],"replies":[{"embeddable":true,"href":"https:\/\/www.benarabi.org\/index.php?rest_route=%2Fwp%2Fv2%2Fcomments&post=6855"}],"version-history":[{"count":3,"href":"https:\/\/www.benarabi.org\/index.php?rest_route=\/wp\/v2\/posts\/6855\/revisions"}],"predecessor-version":[{"id":6859,"href":"https:\/\/www.benarabi.org\/index.php?rest_route=\/wp\/v2\/posts\/6855\/revisions\/6859"}],"wp:attachment":[{"href":"https:\/\/www.benarabi.org\/index.php?rest_route=%2Fwp%2Fv2%2Fmedia&parent=6855"}],"wp:term":[{"taxonomy":"category","embeddable":true,"href":"https:\/\/www.benarabi.org\/index.php?rest_route=%2Fwp%2Fv2%2Fcategories&post=6855"},{"taxonomy":"post_tag","embeddable":true,"href":"https:\/\/www.benarabi.org\/index.php?rest_route=%2Fwp%2Fv2%2Ftags&post=6855"}],"curies":[{"name":"wp","href":"https:\/\/api.w.org\/{rel}","templated":true}]}}