{"id":7061,"date":"2019-11-28T19:54:34","date_gmt":"2019-11-28T18:54:34","guid":{"rendered":"http:\/\/www.benarabi.org\/?p=7061"},"modified":"2019-12-01T18:19:09","modified_gmt":"2019-12-01T17:19:09","slug":"concejalia-de-juventud-pone-en-marcha-el-programa-vienes-o-voy-en-el-ies-ben-arabi","status":"publish","type":"post","link":"https:\/\/www.benarabi.org\/?p=7061","title":{"rendered":"Concejal\u00eda de Juventud pone en marcha el Programa: \u00bfVienes o voy? en el IES. Ben Arab\u00ed"},"content":{"rendered":"<p style=\"text-align: justify;\"><strong><a href=\"http:\/\/www.benarabi.org\/wp-content\/uploads\/2019\/11\/imagen1-e1574967216816.jpg\"><img loading=\"lazy\" decoding=\"async\" class=\"alignleft size-full wp-image-7062\" src=\"http:\/\/www.benarabi.org\/wp-content\/uploads\/2019\/11\/imagen1-e1574967216816.jpg\" alt=\"\" width=\"150\" height=\"100\" \/><\/a>El IES Ben Arab\u00ed<\/strong>\u00a0acogi\u00f3 en la ma\u00f1ana del mi\u00e9rcoles\u00a027 de noviembre la presentaci\u00f3n del<strong> Programa de Intervenci\u00f3n Socioeducativa \u00bfVienes o voy?<\/strong>,\u00a0destinado al alumnado de Educaci\u00f3n Formal\u00a0y\u00a0no Formal,\u00a0Colectivos\u00a0y\u00a0Agentes Juveniles\u00a0y\u00a0otros Colectivos del municipio de Cartagena.<\/p>\n<p style=\"text-align: justify;\">Este programa\u00a0tiene como finalidad\u00a0acercar a los j\u00f3venes los recursos que ofrece <strong>la Concejal\u00eda de Juventud\u00a0(I<\/strong>nformajoven, Centro de Recursos y Espacio Joven) as\u00ed como\u00a0formaci\u00f3n que contribuya a su desarrollo personal.<\/p>\n<p style=\"text-align: justify;\">El <strong>concejal de Juventud<\/strong> del Ayuntamiento de Cartagena,\u00a0<strong>David Mart\u00ednez<\/strong>, asisti\u00f3 a la presentaci\u00f3n del programa con\u00a0el Taller &#8216;Recursos para j\u00f3venes en la b\u00fasqueda de empleo:<strong> Destaca con tu CV&#8217;<\/strong>,\u00a0destinado a alumnado de 4\u00ba ESO\u00a0e impartido por la Orientadora del Espacio Empleo,\u00a0Mar\u00eda Francisca L\u00f3pez.<\/p>\n<p style=\"text-align: justify;\">David Mart\u00ednez\u00a0explic\u00f3 a los alumnos que el programa est\u00e1 dividido en dos partes: \u00aba trav\u00e9s de &#8216;vienes&#8217;, todos los centros educativos, colectivos y asociaciones\u00a0realizar\u00e1n una visita guiada\u00a0a las instalaciones\u00a0y\u00a0servicios de la Concejal\u00eda de Juventud\u00a0e\u00a0interaccionar\u00e1n con los profesionales que ejecutan los diversos programas\u00a0para que conozcan de primera mano todos los recursos que tienen a su disposici\u00f3n y,\u00a0a trav\u00e9s de &#8216;voy&#8217;, los t\u00e9cnicos de la Concejal\u00eda impartir\u00e1n\u00a0diversas charlas\u00a0y\u00a0talleres\u00a0sobre\u00a0Ocio\u00a0y\u00a0Tiempo Libre,\u00a0Voluntariado,\u00a0el Programa UrbanCT de Cultura Urbana,\u00a0Como ser Corresponsal Juvenil,\u00a0B\u00fasqueda Eficaz de \u00a0Empleo,\u00a0Educaci\u00f3n Afectivo Sexual,\u00a0Redes sociales\u00a0e\u00a0Internet,\u00a0peligros\u00a0y\u00a0precauciones, aprender a reconocer\u00a0y\u00a0manejar emociones, as\u00ed como\u00a0talleres espec\u00edficos del Espacio Movilidad\u00a0como\u00a0la Red Eudoesk &#8211; Movilidad Europea\u00a0y otros enmarcados dentro de la celebraci\u00f3n del\u00a0Mes de Europa\u00bb.<\/p>\n<p style=\"text-align: justify;\">La jefa del departamento de Orientaci\u00f3n del IES Ben Arab\u00ed,\u00a0<strong>Mar\u00eda Jos\u00e9 Ibarra<\/strong>, destac\u00f3 la importancia de que \u00ablas charlas\u00a0y\u00a0los talleres sirven de recurso complementario para las tutor\u00edas que se imparten en el centro\u00bb.<\/p>\n<p style=\"text-align: justify;\">Tras la presentaci\u00f3n del programa, el concejal de Juventud ha conocido a\u00a0<strong>los dos alumnos del IES Ben Arab\u00ed<\/strong>, que ser\u00e1n\u00a0<strong>los corresponsales juveniles<\/strong><strong>\u00a0<\/strong>encargados de acercar las actividades y programas de la Concejal\u00eda de Juventud a los alumnos del centro educativo cartagenero.<!--more--><\/p>\n<div id='gallery-1' class='gallery galleryid-7061 gallery-columns-3 gallery-size-thumbnail'><figure class='gallery-item'>\n\t\t\t<div class='gallery-icon landscape'>\n\t\t\t\t<a href='https:\/\/www.benarabi.org\/?attachment_id=7067'><img loading=\"lazy\" decoding=\"async\" width=\"250\" height=\"141\" src=\"https:\/\/www.benarabi.org\/wp-content\/uploads\/2019\/11\/imagen1-1-250x141.jpg\" class=\"attachment-thumbnail size-thumbnail\" alt=\"\" srcset=\"https:\/\/www.benarabi.org\/wp-content\/uploads\/2019\/11\/imagen1-1-250x141.jpg 250w, https:\/\/www.benarabi.org\/wp-content\/uploads\/2019\/11\/imagen1-1-850x478.jpg 850w, https:\/\/www.benarabi.org\/wp-content\/uploads\/2019\/11\/imagen1-1-1200x675.jpg 1200w\" sizes=\"auto, (max-width: 250px) 100vw, 250px\" \/><\/a>\n\t\t\t<\/div><\/figure><figure class='gallery-item'>\n\t\t\t<div class='gallery-icon landscape'>\n\t\t\t\t<a href='https:\/\/www.benarabi.org\/?attachment_id=7064'><img loading=\"lazy\" decoding=\"async\" width=\"250\" height=\"141\" src=\"https:\/\/www.benarabi.org\/wp-content\/uploads\/2019\/11\/imagen3-250x141.jpg\" class=\"attachment-thumbnail size-thumbnail\" alt=\"\" srcset=\"https:\/\/www.benarabi.org\/wp-content\/uploads\/2019\/11\/imagen3-250x141.jpg 250w, https:\/\/www.benarabi.org\/wp-content\/uploads\/2019\/11\/imagen3-850x478.jpg 850w, https:\/\/www.benarabi.org\/wp-content\/uploads\/2019\/11\/imagen3-1200x675.jpg 1200w\" sizes=\"auto, (max-width: 250px) 100vw, 250px\" \/><\/a>\n\t\t\t<\/div><\/figure><figure class='gallery-item'>\n\t\t\t<div class='gallery-icon landscape'>\n\t\t\t\t<a href='https:\/\/www.benarabi.org\/?attachment_id=7063'><img loading=\"lazy\" decoding=\"async\" width=\"250\" height=\"141\" src=\"https:\/\/www.benarabi.org\/wp-content\/uploads\/2019\/11\/imagen2-250x141.jpg\" class=\"attachment-thumbnail size-thumbnail\" alt=\"\" srcset=\"https:\/\/www.benarabi.org\/wp-content\/uploads\/2019\/11\/imagen2-250x141.jpg 250w, https:\/\/www.benarabi.org\/wp-content\/uploads\/2019\/11\/imagen2-850x478.jpg 850w, https:\/\/www.benarabi.org\/wp-content\/uploads\/2019\/11\/imagen2-1200x675.jpg 1200w\" sizes=\"auto, (max-width: 250px) 100vw, 250px\" \/><\/a>\n\t\t\t<\/div><\/figure>\n\t\t<\/div>\n\n","protected":false},"excerpt":{"rendered":"<p>El IES Ben Arab\u00ed\u00a0acogi\u00f3 en la ma\u00f1ana del mi\u00e9rcoles\u00a027 de noviembre la presentaci\u00f3n del Programa de Intervenci\u00f3n Socioeducativa \u00bfVienes o voy?,\u00a0destinado al alumnado de Educaci\u00f3n Formal\u00a0y\u00a0no Formal,\u00a0Colectivos\u00a0y\u00a0Agentes Juveniles\u00a0y\u00a0otros Colectivos del municipio de Cartagena. Este programa\u00a0tiene como finalidad\u00a0acercar a los j\u00f3venes los recursos que ofrece la Concejal\u00eda de Juventud\u00a0(Informajoven, Centro de Recursos y Espacio Joven) as\u00ed [&hellip;]<\/p>\n","protected":false},"author":1,"featured_media":0,"comment_status":"closed","ping_status":"open","sticky":false,"template":"","format":"standard","meta":{"footnotes":""},"categories":[1],"tags":[],"class_list":["post-7061","post","type-post","status-publish","format-standard","hentry","category-sin-categoria"],"_links":{"self":[{"href":"https:\/\/www.benarabi.org\/index.php?rest_route=\/wp\/v2\/posts\/7061","targetHints":{"allow":["GET"]}}],"collection":[{"href":"https:\/\/www.benarabi.org\/index.php?rest_route=\/wp\/v2\/posts"}],"about":[{"href":"https:\/\/www.benarabi.org\/index.php?rest_route=\/wp\/v2\/types\/post"}],"author":[{"embeddable":true,"href":"https:\/\/www.benarabi.org\/index.php?rest_route=\/wp\/v2\/users\/1"}],"replies":[{"embeddable":true,"href":"https:\/\/www.benarabi.org\/index.php?rest_route=%2Fwp%2Fv2%2Fcomments&post=7061"}],"version-history":[{"count":5,"href":"https:\/\/www.benarabi.org\/index.php?rest_route=\/wp\/v2\/posts\/7061\/revisions"}],"predecessor-version":[{"id":7082,"href":"https:\/\/www.benarabi.org\/index.php?rest_route=\/wp\/v2\/posts\/7061\/revisions\/7082"}],"wp:attachment":[{"href":"https:\/\/www.benarabi.org\/index.php?rest_route=%2Fwp%2Fv2%2Fmedia&parent=7061"}],"wp:term":[{"taxonomy":"category","embeddable":true,"href":"https:\/\/www.benarabi.org\/index.php?rest_route=%2Fwp%2Fv2%2Fcategories&post=7061"},{"taxonomy":"post_tag","embeddable":true,"href":"https:\/\/www.benarabi.org\/index.php?rest_route=%2Fwp%2Fv2%2Ftags&post=7061"}],"curies":[{"name":"wp","href":"https:\/\/api.w.org\/{rel}","templated":true}]}}